{"id":5081,"date":"2026-03-09T15:02:06","date_gmt":"2026-03-09T14:02:06","guid":{"rendered":"https:\/\/www.poetenladen-der-verlag.de\/wordpress\/?p=5081"},"modified":"2026-03-09T15:06:52","modified_gmt":"2026-03-09T14:06:52","slug":"teil-der-bewegung-2026-lyriknacht-mit-musik","status":"publish","type":"post","link":"https:\/\/www.poetenladen-der-verlag.de\/wordpress\/teil-der-bewegung-2026-lyriknacht-mit-musik\/","title":{"rendered":"Teil der Bewegung 2026 \u2013 Lyriknacht mit Musik"},"content":{"rendered":"\n<p id=\"block-29e813c1-d084-4b1b-84a0-220a08553766\"><strong>Samstag, 21.03.2026 um 20 Uhr<br>HGB Leipzig, Aula (1. OG)<\/strong>\u00a0\u201eLeipzig liest\u201c<\/p>\n\n\n\n<figure class=\"wp-block-image\" id=\"block-eba6a545-1051-495d-a2ed-d6faa1b50d32\"><a href=\"https:\/\/www.poetenladen-der-verlag.de\/wordpress\/wp-content\/uploads\/2024\/02\/veranstaltungsfoto.jpg\"><img decoding=\"async\" src=\"https:\/\/www.poetenladen-der-verlag.de\/wordpress\/wp-content\/uploads\/2024\/02\/veranstaltungsfoto-1024x577.jpg\" alt=\"Dieses Bild hat ein leeres Alt-Attribut. Der Dateiname ist veranstaltungsfoto-1024x577.jpg\"\/><\/a><\/figure>\n\n\n\n<p id=\"block-92d428f5-184d-4c02-9435-6b461905810d\"><\/p>\n\n\n\n<p id=\"block-34a71d17-bce7-4da2-8913-2c58b0db3107\">Die wohl sch\u00f6nste und bekannteste&nbsp; Lyriknacht der Buchmessen&nbsp;startet&nbsp; am Samstagabend in der Hochschule f\u00fcr Grafik und Buchkunst. Mit frischen B\u00fcchern und neuen und bekannten Stimmen&nbsp;aus der Lyrikszene. Sound&nbsp;und Gesang werden&nbsp;nicht fehlen. Ein aufregender Abend aus Worten. Ein Einblick in das, was in der deutschsprachigen Lyrik zur Zeit passiert. Wir freuen uns auf euer Kommen!<\/p>\n\n\n\n<p id=\"block-363d48d5-bf98-48bb-b8d6-9d88a18f4ca4\"><\/p>\n\n\n\n<figure class=\"wp-block-image size-full\"><a href=\"https:\/\/www.poetenladen-der-verlag.de\/wordpress\/wp-content\/uploads\/2026\/03\/lbm26-wsd-300x200px-d.jpg\"><img loading=\"lazy\" decoding=\"async\" width=\"300\" height=\"200\" src=\"https:\/\/www.poetenladen-der-verlag.de\/wordpress\/wp-content\/uploads\/2026\/03\/lbm26-wsd-300x200px-d.jpg\" alt=\"\" class=\"wp-image-5084\"\/><\/a><\/figure>\n\n\n\n<p><\/p>\n\n\n\n<p id=\"block-df850cc0-9b97-4fd6-b4c5-74bec4623aff\">Anke Bastrop (Verlagshaus Berlin) | Carla Cerda (Edit) | S\u00fcnje Lewejohann (parasitenpresse) | Tristan Marquardt (kookbooks) | Anna Julian Mendlik (Verlagshaus Berlin) | Inana Othmann (Edit) | Alexander Schnickmann (Matthes &amp; Seitz) | Tom Schulz (poetenladen) | Alke Stachler (parasitenpresse) | Nina Temann (poetenladen) | Liv Thastum (kookbooks)<\/p>\n\n\n\n<p>Musik: Deborah Lara Schaefer, Pia Achternkamp und special guest<\/p>\n\n\n\n<p id=\"block-df850cc0-9b97-4fd6-b4c5-74bec4623aff\">Moderation: Giorgio Ferretti u. Alexander Gumz u. Alexandra Zysset<br>Veranstalter: Edit, KOOK e.V., kookbooks, poetenladen Verlag, Matthes &amp; Seitz, Verlagshaus Berlin und die Parasitenpresse<\/p>\n\n\n\n<p id=\"block-af9223b1-9362-4aef-9b0b-6b39dcbb226e\"><strong>Hochschule f\u00fcr Grafik und Buchkunst Leipzig<\/strong><br>W\u00e4chterstr. 11 \u00b7 04107 Leipzig<br><a href=\"http:\/\/www.hgb-leipzig.de\/\" target=\"_blank\" rel=\"noreferrer noopener\">www.hgb-leipzig.de<\/a><\/p>\n\n\n\n<p id=\"block-7d60acda-eda9-49d6-b487-75cfa5d9a2b9\">Eintritt: 3 \/ 5 Euro<\/p>\n\n\n\n<p id=\"block-8fc04bf8-12ea-421a-a960-74153bcbecf9\"><\/p>\n\n\n\n<p><\/p>\n","protected":false},"excerpt":{"rendered":"<p>Samstag, 21.03.2026 um 20 UhrHGB Leipzig, Aula (1. OG)\u00a0\u201eLeipzig liest\u201c Die wohl sch\u00f6nste und bekannteste&nbsp; Lyriknacht der Buchmessen&nbsp;startet&nbsp; am Samstagabend in der Hochschule f\u00fcr Grafik und Buchkunst. Mit frischen B\u00fcchern und neuen und bekannten Stimmen&nbsp;aus der Lyrikszene. Sound&nbsp;und Gesang werden&nbsp;nicht fehlen. Ein aufregender Abend aus Worten. Ein Einblick in das, was in der deutschsprachigen Lyrik [&hellip;]<\/p>\n","protected":false},"author":3,"featured_media":0,"comment_status":"closed","ping_status":"closed","sticky":false,"template":"","format":"standard","meta":{"footnotes":""},"categories":[1,9,6,64],"tags":[935,934,931,181,196,930,182,884,21,928,933,757,59,625,929,932,886],"class_list":["post-5081","post","type-post","status-publish","format-standard","hentry","category-ausschreibungen","category-diskussion","category-lesungen","category-poetische-news","tag-inana-othmann","tag-carla-cerda","tag-deborah-lara-schaefer","tag-edit","tag-gedichte","tag-hgb","tag-kookbooks","tag-leipzig-liest","tag-lyrik","tag-matthes-seitz","tag-nina-temann","tag-parasitenpresse","tag-poetenladen","tag-teil-der-bewegung","tag-tomschulz","tag-tristan-marquardt","tag-verlagshaus-berlin"],"_links":{"self":[{"href":"https:\/\/www.poetenladen-der-verlag.de\/wordpress\/wp-json\/wp\/v2\/posts\/5081","targetHints":{"allow":["GET"]}}],"collection":[{"href":"https:\/\/www.poetenladen-der-verlag.de\/wordpress\/wp-json\/wp\/v2\/posts"}],"about":[{"href":"https:\/\/www.poetenladen-der-verlag.de\/wordpress\/wp-json\/wp\/v2\/types\/post"}],"author":[{"embeddable":true,"href":"https:\/\/www.poetenladen-der-verlag.de\/wordpress\/wp-json\/wp\/v2\/users\/3"}],"replies":[{"embeddable":true,"href":"https:\/\/www.poetenladen-der-verlag.de\/wordpress\/wp-json\/wp\/v2\/comments?post=5081"}],"version-history":[{"count":4,"href":"https:\/\/www.poetenladen-der-verlag.de\/wordpress\/wp-json\/wp\/v2\/posts\/5081\/revisions"}],"predecessor-version":[{"id":5086,"href":"https:\/\/www.poetenladen-der-verlag.de\/wordpress\/wp-json\/wp\/v2\/posts\/5081\/revisions\/5086"}],"wp:attachment":[{"href":"https:\/\/www.poetenladen-der-verlag.de\/wordpress\/wp-json\/wp\/v2\/media?parent=5081"}],"wp:term":[{"taxonomy":"category","embeddable":true,"href":"https:\/\/www.poetenladen-der-verlag.de\/wordpress\/wp-json\/wp\/v2\/categories?post=5081"},{"taxonomy":"post_tag","embeddable":true,"href":"https:\/\/www.poetenladen-der-verlag.de\/wordpress\/wp-json\/wp\/v2\/tags?post=5081"}],"curies":[{"name":"wp","href":"https:\/\/api.w.org\/{rel}","templated":true}]}}