{"id":5061,"date":"2025-03-06T09:06:20","date_gmt":"2025-03-06T08:06:20","guid":{"rendered":"https:\/\/www.poetenladen-der-verlag.de\/wordpress\/?p=5061"},"modified":"2025-03-06T09:06:46","modified_gmt":"2025-03-06T08:06:46","slug":"teil-der-bewegung-2025-lyriknacht-mit-musik","status":"publish","type":"post","link":"https:\/\/www.poetenladen-der-verlag.de\/wordpress\/teil-der-bewegung-2025-lyriknacht-mit-musik\/","title":{"rendered":"Teil der Bewegung 2025 \u2013 Lyriknacht mit Musik"},"content":{"rendered":"\n<p><strong>Samstag, 29.03.2025 um 20 Uhr<br>HGB Leipzig, Aula (1. OG)<\/strong>\u00a0\u201eLeipzig liest\u201c<\/p>\n\n\n\n<figure class=\"wp-block-image size-large\"><a href=\"https:\/\/www.poetenladen-der-verlag.de\/wordpress\/wp-content\/uploads\/2024\/02\/veranstaltungsfoto.jpg\"><img loading=\"lazy\" decoding=\"async\" width=\"1024\" height=\"577\" src=\"https:\/\/www.poetenladen-der-verlag.de\/wordpress\/wp-content\/uploads\/2024\/02\/veranstaltungsfoto-1024x577.jpg\" alt=\"\" class=\"wp-image-5039\" srcset=\"https:\/\/www.poetenladen-der-verlag.de\/wordpress\/wp-content\/uploads\/2024\/02\/veranstaltungsfoto-1024x577.jpg 1024w, https:\/\/www.poetenladen-der-verlag.de\/wordpress\/wp-content\/uploads\/2024\/02\/veranstaltungsfoto-300x169.jpg 300w, https:\/\/www.poetenladen-der-verlag.de\/wordpress\/wp-content\/uploads\/2024\/02\/veranstaltungsfoto-768x433.jpg 768w, https:\/\/www.poetenladen-der-verlag.de\/wordpress\/wp-content\/uploads\/2024\/02\/veranstaltungsfoto-1536x866.jpg 1536w, https:\/\/www.poetenladen-der-verlag.de\/wordpress\/wp-content\/uploads\/2024\/02\/veranstaltungsfoto-624x352.jpg 624w, https:\/\/www.poetenladen-der-verlag.de\/wordpress\/wp-content\/uploads\/2024\/02\/veranstaltungsfoto.jpg 2048w\" sizes=\"auto, (max-width: 1024px) 100vw, 1024px\" \/><\/a><\/figure>\n\n\n\n<p><\/p>\n\n\n\n<p>Die wohl sch\u00f6nste und bekannteste&nbsp; Lyriknacht der Buchmessen&nbsp;startet&nbsp; am Samstagabend in der Hochschule f\u00fcr Grafik und Buchkunst. Mit frischen B\u00fcchern und neuen und bekannten Stimmen&nbsp;aus der Lyrikszene. Sound&nbsp;und Gesang werden&nbsp;nicht fehlen. Ein aufregender Abend aus Worten. Ein Einblick in das, was in der deutschsprachigen Lyrik zur Zeit passiert. Wir freuen uns auf euer Kommen!<\/p>\n\n\n\n<p><\/p>\n\n\n\n<figure class=\"wp-block-image size-full\"><a href=\"https:\/\/www.poetenladen-der-verlag.de\/wordpress\/wp-content\/uploads\/2020\/06\/buchmesse_ohneDatum_2012-150.jpg\"><img loading=\"lazy\" decoding=\"async\" width=\"150\" height=\"73\" src=\"https:\/\/www.poetenladen-der-verlag.de\/wordpress\/wp-content\/uploads\/2020\/06\/buchmesse_ohneDatum_2012-150.jpg\" alt=\"\" class=\"wp-image-4687\"\/><\/a><\/figure>\n\n\n\n<p><\/p>\n\n\n\n<p>Es lesen: Nadja K\u00fcchenmeister, Anna Zepnik, Christian Schloyer, Nea Schmidt, Elza Javakhishvili, Jennifer de Negri, Sebastian Schmidt, Verena Stauffer, Hendrik Jackson, Ana Tcheishvili und Sandra Gugi\u0107<\/p>\n\n\n\n<p>Musik: Hypochondrische \u00c4ngste (Jorinde Minna Markert, Philipp Martin und Jan Frisch)<\/p>\n\n\n\n<p><strong>Moderation:<\/strong>\u00a0Ulrike\u00a0Feibig\u00a0&amp;\u00a0Alexander\u00a0Gumz &amp; Giorgio Ferretti<\/p>\n\n\n\n<p><strong>Hochschule f\u00fcr Grafik und Buchkunst Leipzig<\/strong><br>W\u00e4chterstr. 11 \u00b7 04107 Leipzig<br><a rel=\"noreferrer noopener\" href=\"http:\/\/www.hgb-leipzig.de\/\" target=\"_blank\">www.hgb-leipzig.de<\/a><\/p>\n\n\n\n<p>Eine Veranstaltung von Edit, KOOK e.V., kookbooks, poetenladen, Sch\u00f6ffling &amp; Co., parasitenpress und Verlagshaus Berlin <br>Eintritt: 3 \/ 5 Euro<\/p>\n\n\n\n<p><\/p>\n","protected":false},"excerpt":{"rendered":"<p>Samstag, 29.03.2025 um 20 UhrHGB Leipzig, Aula (1. OG)\u00a0\u201eLeipzig liest\u201c Die wohl sch\u00f6nste und bekannteste&nbsp; Lyriknacht der Buchmessen&nbsp;startet&nbsp; am Samstagabend in der Hochschule f\u00fcr Grafik und Buchkunst. Mit frischen B\u00fcchern und neuen und bekannten Stimmen&nbsp;aus der Lyrikszene. Sound&nbsp;und Gesang werden&nbsp;nicht fehlen. Ein aufregender Abend aus Worten. Ein Einblick in das, was in der deutschsprachigen Lyrik [&hellip;]<\/p>\n","protected":false},"author":3,"featured_media":0,"comment_status":"closed","ping_status":"closed","sticky":false,"template":"","format":"standard","meta":{"footnotes":""},"categories":[1,6,64],"tags":[917,918,189,718,181,920,851,921,922,886],"class_list":["post-5061","post","type-post","status-publish","format-standard","hentry","category-ausschreibungen","category-lesungen","category-poetische-news","tag-917","tag-aana-zepnick","tag-alexander-gumz","tag-christian-schloyer","tag-edit","tag-hypochondrische-aengste","tag-nadja-kuechenmeister","tag-nea-schmidt","tag-sandra-gugic","tag-verlagshaus-berlin"],"_links":{"self":[{"href":"https:\/\/www.poetenladen-der-verlag.de\/wordpress\/wp-json\/wp\/v2\/posts\/5061","targetHints":{"allow":["GET"]}}],"collection":[{"href":"https:\/\/www.poetenladen-der-verlag.de\/wordpress\/wp-json\/wp\/v2\/posts"}],"about":[{"href":"https:\/\/www.poetenladen-der-verlag.de\/wordpress\/wp-json\/wp\/v2\/types\/post"}],"author":[{"embeddable":true,"href":"https:\/\/www.poetenladen-der-verlag.de\/wordpress\/wp-json\/wp\/v2\/users\/3"}],"replies":[{"embeddable":true,"href":"https:\/\/www.poetenladen-der-verlag.de\/wordpress\/wp-json\/wp\/v2\/comments?post=5061"}],"version-history":[{"count":3,"href":"https:\/\/www.poetenladen-der-verlag.de\/wordpress\/wp-json\/wp\/v2\/posts\/5061\/revisions"}],"predecessor-version":[{"id":5064,"href":"https:\/\/www.poetenladen-der-verlag.de\/wordpress\/wp-json\/wp\/v2\/posts\/5061\/revisions\/5064"}],"wp:attachment":[{"href":"https:\/\/www.poetenladen-der-verlag.de\/wordpress\/wp-json\/wp\/v2\/media?parent=5061"}],"wp:term":[{"taxonomy":"category","embeddable":true,"href":"https:\/\/www.poetenladen-der-verlag.de\/wordpress\/wp-json\/wp\/v2\/categories?post=5061"},{"taxonomy":"post_tag","embeddable":true,"href":"https:\/\/www.poetenladen-der-verlag.de\/wordpress\/wp-json\/wp\/v2\/tags?post=5061"}],"curies":[{"name":"wp","href":"https:\/\/api.w.org\/{rel}","templated":true}]}}