{"id":4970,"date":"2022-09-07T19:26:37","date_gmt":"2022-09-07T17:26:37","guid":{"rendered":"https:\/\/www.poetenladen-der-verlag.de\/wordpress\/?p=4970"},"modified":"2022-09-07T19:27:31","modified_gmt":"2022-09-07T17:27:31","slug":"pia-birkel-liest-aus-ihrem-debuet-schmelzwert","status":"publish","type":"post","link":"https:\/\/www.poetenladen-der-verlag.de\/wordpress\/pia-birkel-liest-aus-ihrem-debuet-schmelzwert\/","title":{"rendered":"Pia Birkel liest aus ihrem Debuet: schmelzwert"},"content":{"rendered":"\n<p><strong>13.09.2022<\/strong><\/p>\n\n\n\n<p>Lesung Pia Birkel. Moderation Jan Kuhlbrodt<br>Bibliothek S\u00fcdvorstadt, Steinstra\u00dfe 42, 04275 Leipzig (N\u00e4he Steinplatz)<br>Dienstag, 13. September, 18 bis 19:30 Uhr<\/p>\n\n\n\n<p>Pia Birkels Lyrikdeb\u00fct schl\u00e4gt einen dichterischen Bogen von der Antike bis in die Gegenwart. Dabei werden Sprachfelder von der Mythologie bis zur Gegenwart einbezogen. Der Schild des Achill ist so gegenw\u00e4rtig wie der zerbrochene Bildschirm, in dem das lyrische Ich sich als Mosaik sieht. Herakles steht neben der \u201eFrau um die Drei\u00dfig\u201c, die Tabletten aus Blistern bricht. Pia Birkels Gedichte schaffen aus dem Miteinander der Zeiten und R\u00e4ume ein poetisches Panorama, das so sch\u00f6n wie verst\u00f6rend ist.<\/p>\n\n\n\n<p>Pia Birkel, geboren 1998 in Wolfach (Schwarzwald), lebt in Leipzig. Studierte Literarisches Schreiben, mittlerweile Germanistik in Leipzig. \u201eschmelzwert\u201c ist ihr Lyrik-Deb\u00fct.<\/p>\n","protected":false},"excerpt":{"rendered":"<p>13.09.2022 Lesung Pia Birkel. Moderation Jan KuhlbrodtBibliothek S\u00fcdvorstadt, Steinstra\u00dfe 42, 04275 Leipzig (N\u00e4he Steinplatz)Dienstag, 13. September, 18 bis 19:30 Uhr Pia Birkels Lyrikdeb\u00fct schl\u00e4gt einen dichterischen Bogen von der Antike bis in die Gegenwart. Dabei werden Sprachfelder von der Mythologie bis zur Gegenwart einbezogen. Der Schild des Achill ist so gegenw\u00e4rtig wie der zerbrochene Bildschirm, [&hellip;]<\/p>\n","protected":false},"author":3,"featured_media":0,"comment_status":"closed","ping_status":"closed","sticky":false,"template":"","format":"standard","meta":{"footnotes":""},"categories":[1],"tags":[],"class_list":["post-4970","post","type-post","status-publish","format-standard","hentry","category-ausschreibungen"],"_links":{"self":[{"href":"https:\/\/www.poetenladen-der-verlag.de\/wordpress\/wp-json\/wp\/v2\/posts\/4970","targetHints":{"allow":["GET"]}}],"collection":[{"href":"https:\/\/www.poetenladen-der-verlag.de\/wordpress\/wp-json\/wp\/v2\/posts"}],"about":[{"href":"https:\/\/www.poetenladen-der-verlag.de\/wordpress\/wp-json\/wp\/v2\/types\/post"}],"author":[{"embeddable":true,"href":"https:\/\/www.poetenladen-der-verlag.de\/wordpress\/wp-json\/wp\/v2\/users\/3"}],"replies":[{"embeddable":true,"href":"https:\/\/www.poetenladen-der-verlag.de\/wordpress\/wp-json\/wp\/v2\/comments?post=4970"}],"version-history":[{"count":3,"href":"https:\/\/www.poetenladen-der-verlag.de\/wordpress\/wp-json\/wp\/v2\/posts\/4970\/revisions"}],"predecessor-version":[{"id":4973,"href":"https:\/\/www.poetenladen-der-verlag.de\/wordpress\/wp-json\/wp\/v2\/posts\/4970\/revisions\/4973"}],"wp:attachment":[{"href":"https:\/\/www.poetenladen-der-verlag.de\/wordpress\/wp-json\/wp\/v2\/media?parent=4970"}],"wp:term":[{"taxonomy":"category","embeddable":true,"href":"https:\/\/www.poetenladen-der-verlag.de\/wordpress\/wp-json\/wp\/v2\/categories?post=4970"},{"taxonomy":"post_tag","embeddable":true,"href":"https:\/\/www.poetenladen-der-verlag.de\/wordpress\/wp-json\/wp\/v2\/tags?post=4970"}],"curies":[{"name":"wp","href":"https:\/\/api.w.org\/{rel}","templated":true}]}}