{"id":4837,"date":"2021-07-24T21:01:21","date_gmt":"2021-07-24T19:01:21","guid":{"rendered":"https:\/\/www.poetenladen-der-verlag.de\/wordpress\/?p=4837"},"modified":"2021-07-24T21:08:21","modified_gmt":"2021-07-24T19:08:21","slug":"saechsische-lyrik-heute-weltbetrachter-ringelnatzsommer","status":"publish","type":"post","link":"https:\/\/www.poetenladen-der-verlag.de\/wordpress\/saechsische-lyrik-heute-weltbetrachter-ringelnatzsommer\/","title":{"rendered":"Lyrik heute: Weltbetrachter &#8211; Ringelnatzsommer Wurzen"},"content":{"rendered":"\n<p><strong>RingelnatzSommer 2021<br>Freitag, 13. August 2021 um 19 Uhr<br>Schweizergarten, Wurzen<\/strong> (Schweizergartenstra\u00dfe 2, 04808 Wurzen)<br><strong><a rel=\"noreferrer noopener\" href=\"https:\/\/ringelnatz-verein.de\/blog\/terminkalender\/?event_id1=5113\" target=\"_blank\">Ringelnatz-Verein<\/a><\/strong><\/p>\n\n\n\n<figure class=\"wp-block-image size-large is-resized\"><a href=\"https:\/\/www.poetenladen-der-verlag.de\/wordpress\/wp-content\/uploads\/2020\/08\/liegggend.jpg\"><img loading=\"lazy\" decoding=\"async\" src=\"https:\/\/www.poetenladen-der-verlag.de\/wordpress\/wp-content\/uploads\/2020\/08\/liegggend.jpg\" alt=\"\" class=\"wp-image-4775\" width=\"380\" height=\"473\" srcset=\"https:\/\/www.poetenladen-der-verlag.de\/wordpress\/wp-content\/uploads\/2020\/08\/liegggend.jpg 587w, https:\/\/www.poetenladen-der-verlag.de\/wordpress\/wp-content\/uploads\/2020\/08\/liegggend-241x300.jpg 241w\" sizes=\"auto, (max-width: 380px) 100vw, 380px\" \/><\/a><figcaption>Weltbetrachter Poetenladen Verlag<\/figcaption><\/figure>\n\n\n\n<p><strong>Autorinnen und Autoren stellen ihre neue Anthologie vor. <br>Lesung und Gespr\u00e4ch mit Wilhelm Bartsch, Thomas B\u00f6hme, Michael Hametner und Marit Heu\u00df<\/strong><br><\/p>\n\n\n\n<p>\u201eWeltbetrachter\u201c \u2013 ein Titel, der ganz und gar zu Joachim Ringelnatz passt. Doch diesmal geht es um die Nachdenklichen von heute, die Weltentr\u00e4umer voller Neugier, Hoffnung und Zweifel, kurz: die nachgeborenen s\u00e4chsischen Dichterinnen und Dichter der Gegenwart. \u00dcber 150 von ihnen pr\u00e4sentiert die neue Lyriksammlung, die der S\u00e4chsische Literaturrat im Leipziger Verlag Poetenladen herausgab, um die Vielfalt und Originalit\u00e4t der s\u00e4chischen Dichterlandschaft zu zeigen. Mit dabei: Thomas B\u00f6hme, der im Absurdistan der Worte zu Hause ist, Wilhelm Bartsch, der sich mit Esprit und Empfindungstiefe in der Welt umschaut, und die junge begabte Lyrikerin Marit Heu\u00df. Sie nehmen auf dem s\u00e4chsischen Dichterpodium Platz, zusammen mit dem Literaturkritiker und H\u00f6rbuchsprecher Michael Hametner, der weitere ausgew\u00e4hlte Texte aus der Lyriksammlung liest. Und selbstverst\u00e4ndlich beantworten sie alle die Wurzener Gretchenfrage: Was bedeutet Ringelnatz in Ihrem Dichterleben?&nbsp;Eintritt: 5,- \u20ac&nbsp;Alle Veranstaltungen finden vorbehaltlich der weiteren Entwicklung der Coronavirus-Pandemie im Innenhof des Kulturhauses Schweizergarten nach den zum Zeitpunkt der Veranstaltung g\u00fcltigen Voraussetzungen statt.<\/p>\n\n\n\n<figure class=\"wp-block-image size-large is-resized\"><a href=\"https:\/\/www.poetenladen-der-verlag.de\/wordpress\/wp-content\/uploads\/2020\/08\/9783948305079.jpg\"><img loading=\"lazy\" decoding=\"async\" src=\"https:\/\/www.poetenladen-der-verlag.de\/wordpress\/wp-content\/uploads\/2020\/08\/9783948305079.jpg\" alt=\"\" class=\"wp-image-4764\" width=\"219\" height=\"306\" srcset=\"https:\/\/www.poetenladen-der-verlag.de\/wordpress\/wp-content\/uploads\/2020\/08\/9783948305079.jpg 718w, https:\/\/www.poetenladen-der-verlag.de\/wordpress\/wp-content\/uploads\/2020\/08\/9783948305079-215x300.jpg 215w, https:\/\/www.poetenladen-der-verlag.de\/wordpress\/wp-content\/uploads\/2020\/08\/9783948305079-624x869.jpg 624w\" sizes=\"auto, (max-width: 219px) 100vw, 219px\" \/><\/a><\/figure>\n\n\n\n<p>Kartenreservierungen bei Tourist-Information Wurzen;<\/p>\n\n\n\n<p><a rel=\"noreferrer noopener\" href=\"https:\/\/ringelnatz-verein.de\/blog\/terminkalender\/?event_id1=5113\" target=\"_blank\">Veranstaltungslink<\/a><br><a href=\"https:\/\/www.poetenladen-der-verlag.de\/weltbetrachter.htm\" target=\"_blank\" rel=\"noreferrer noopener\">Link zum Buch<\/a><\/p>\n","protected":false},"excerpt":{"rendered":"<p>RingelnatzSommer 2021Freitag, 13. August 2021 um 19 UhrSchweizergarten, Wurzen (Schweizergartenstra\u00dfe 2, 04808 Wurzen)Ringelnatz-Verein Autorinnen und Autoren stellen ihre neue Anthologie vor. Lesung und Gespr\u00e4ch mit Wilhelm Bartsch, Thomas B\u00f6hme, Michael Hametner und Marit Heu\u00df \u201eWeltbetrachter\u201c \u2013 ein Titel, der ganz und gar zu Joachim Ringelnatz passt. Doch diesmal geht es um die Nachdenklichen von heute, [&hellip;]<\/p>\n","protected":false},"author":3,"featured_media":0,"comment_status":"closed","ping_status":"closed","sticky":false,"template":"","format":"standard","meta":{"footnotes":""},"categories":[1],"tags":[22,818,871,360,59,868,869,874,82,859,872,873],"class_list":["post-4837","post","type-post","status-publish","format-standard","hentry","category-ausschreibungen","tag-andreas-heidtmann","tag-lyrik-heute","tag-marit-heuss","tag-michael-hametner","tag-poetenladen","tag-ringelnatz","tag-ringelnatzsommer2021","tag-saechsische-lyrik","tag-thomas-bohme","tag-weltbetrachter","tag-wilhelm-bartsch","tag-wurzen"],"_links":{"self":[{"href":"https:\/\/www.poetenladen-der-verlag.de\/wordpress\/wp-json\/wp\/v2\/posts\/4837","targetHints":{"allow":["GET"]}}],"collection":[{"href":"https:\/\/www.poetenladen-der-verlag.de\/wordpress\/wp-json\/wp\/v2\/posts"}],"about":[{"href":"https:\/\/www.poetenladen-der-verlag.de\/wordpress\/wp-json\/wp\/v2\/types\/post"}],"author":[{"embeddable":true,"href":"https:\/\/www.poetenladen-der-verlag.de\/wordpress\/wp-json\/wp\/v2\/users\/3"}],"replies":[{"embeddable":true,"href":"https:\/\/www.poetenladen-der-verlag.de\/wordpress\/wp-json\/wp\/v2\/comments?post=4837"}],"version-history":[{"count":5,"href":"https:\/\/www.poetenladen-der-verlag.de\/wordpress\/wp-json\/wp\/v2\/posts\/4837\/revisions"}],"predecessor-version":[{"id":4843,"href":"https:\/\/www.poetenladen-der-verlag.de\/wordpress\/wp-json\/wp\/v2\/posts\/4837\/revisions\/4843"}],"wp:attachment":[{"href":"https:\/\/www.poetenladen-der-verlag.de\/wordpress\/wp-json\/wp\/v2\/media?parent=4837"}],"wp:term":[{"taxonomy":"category","embeddable":true,"href":"https:\/\/www.poetenladen-der-verlag.de\/wordpress\/wp-json\/wp\/v2\/categories?post=4837"},{"taxonomy":"post_tag","embeddable":true,"href":"https:\/\/www.poetenladen-der-verlag.de\/wordpress\/wp-json\/wp\/v2\/tags?post=4837"}],"curies":[{"name":"wp","href":"https:\/\/api.w.org\/{rel}","templated":true}]}}