{"id":4255,"date":"2018-02-25T13:06:59","date_gmt":"2018-02-25T12:06:59","guid":{"rendered":"http:\/\/www.poetenladen-der-verlag.de\/wordpress\/?p=4255"},"modified":"2018-03-04T13:17:56","modified_gmt":"2018-03-04T12:17:56","slug":"teil-der-bewegung-leipziger-buchmesse-2018","status":"publish","type":"post","link":"https:\/\/www.poetenladen-der-verlag.de\/wordpress\/teil-der-bewegung-leipziger-buchmesse-2018\/","title":{"rendered":"Teil der Bewegung Leipziger Buchmesse 2018"},"content":{"rendered":"<h3>Lyriknacht an Musik<\/h3>\n<p>Samstag, 17. M\u00e4rz 20:00 &#8211; 23:00<br \/>\nHochschule f\u00fcr Graphik und Buchkunst, W\u00e4chters. 11, Leipzig<\/p>\n<p><a href=\"http:\/\/www.poetenladen-der-verlag.de\/wordpress\/wp-content\/uploads\/2014\/03\/buchmesse_ohneDatum_2012-150.jpg\"><img loading=\"lazy\" decoding=\"async\" class=\"alignnone size-full wp-image-2994\" src=\"https:\/\/www.poetenladen-der-verlag.de\/wordpress\/wp-content\/uploads\/2014\/03\/buchmesse_ohneDatum_2012-150.jpg\" alt=\"\" width=\"150\" height=\"73\" \/><\/a><\/p>\n<p>Die sch\u00f6nste Lyriknacht des Jahres, zu den Buchmessen in Frankfurt und Leipzig.<\/p>\n<p>Dieses Mal mit: Hannes Bajohr, Alexander Gumz, Christiane Heidrich, Adrian Kasnitz, Christian Schloyer, Walter Fabian Schmid, Katharina Schultens, Andra Schwarz. Grace Paley, gelesen von Bradley Schmidt. Dazu Musik von KID BE KID.<\/p>\n<p>Moderation: Carolin Callies &amp; Kathrin Jira<\/p>\n<p>Veranstalter: Edit, KOOK e.V., kookbooks, parasitenpresse, poetenladen und Sch\u00f6ffling &amp; Co.<\/p>\n<p><a href=\"https:\/\/www.facebook.com\/events\/1768880800087027\/\" target=\"_blank\" rel=\"noopener\">Zur Veranstaltung auf Facebooks<\/a><\/p>\n<p><a href=\"http:\/\/www.poetenladen-der-verlag.de\/wordpress\/wp-content\/uploads\/2018\/03\/tdb001-1.jpg\"><img loading=\"lazy\" decoding=\"async\" class=\"alignnone size-full wp-image-4257\" src=\"https:\/\/www.poetenladen-der-verlag.de\/wordpress\/wp-content\/uploads\/2018\/03\/tdb001-1.jpg\" alt=\"\" width=\"700\" height=\"386\" srcset=\"https:\/\/www.poetenladen-der-verlag.de\/wordpress\/wp-content\/uploads\/2018\/03\/tdb001-1.jpg 700w, https:\/\/www.poetenladen-der-verlag.de\/wordpress\/wp-content\/uploads\/2018\/03\/tdb001-1-300x165.jpg 300w, https:\/\/www.poetenladen-der-verlag.de\/wordpress\/wp-content\/uploads\/2018\/03\/tdb001-1-624x344.jpg 624w\" sizes=\"auto, (max-width: 700px) 100vw, 700px\" \/><\/a><\/p>\n","protected":false},"excerpt":{"rendered":"<p>Lyriknacht an Musik Samstag, 17. M\u00e4rz 20:00 &#8211; 23:00 Hochschule f\u00fcr Graphik und Buchkunst, W\u00e4chters. 11, Leipzig Die sch\u00f6nste Lyriknacht des Jahres, zu den Buchmessen in Frankfurt und Leipzig. Dieses Mal mit: Hannes Bajohr, Alexander Gumz, Christiane Heidrich, Adrian Kasnitz, Christian Schloyer, Walter Fabian Schmid, Katharina Schultens, Andra Schwarz. Grace Paley, gelesen von Bradley Schmidt. [&hellip;]<\/p>\n","protected":false},"author":3,"featured_media":0,"comment_status":"closed","ping_status":"closed","sticky":false,"template":"","format":"standard","meta":{"footnotes":""},"categories":[1,750,6,64],"tags":[759,189,677,765,718,761,181,763,764,762,182,754,753,757,59,180,755,625,756,758],"class_list":["post-4255","post","type-post","status-publish","format-standard","hentry","category-ausschreibungen","category-buchmesse-leipzig-2018","category-lesungen","category-poetische-news","tag-adrian-kasnitz","tag-alexander-gumz","tag-andra-schwarz","tag-carolin-callies","tag-christian-schloyer","tag-christiane-heidrich","tag-edit","tag-grace-paley","tag-hannes-bajohr","tag-kid-be-kid","tag-kookbooks","tag-leipziger-buchmesse-2018","tag-lyriknacht-an-musik","tag-parasitenpresse","tag-poetenladen","tag-schoffling","tag-tdb2018","tag-teil-der-bewegung","tag-teil-der-bewegung-2018","tag-walter-fabian-schmid"],"_links":{"self":[{"href":"https:\/\/www.poetenladen-der-verlag.de\/wordpress\/wp-json\/wp\/v2\/posts\/4255","targetHints":{"allow":["GET"]}}],"collection":[{"href":"https:\/\/www.poetenladen-der-verlag.de\/wordpress\/wp-json\/wp\/v2\/posts"}],"about":[{"href":"https:\/\/www.poetenladen-der-verlag.de\/wordpress\/wp-json\/wp\/v2\/types\/post"}],"author":[{"embeddable":true,"href":"https:\/\/www.poetenladen-der-verlag.de\/wordpress\/wp-json\/wp\/v2\/users\/3"}],"replies":[{"embeddable":true,"href":"https:\/\/www.poetenladen-der-verlag.de\/wordpress\/wp-json\/wp\/v2\/comments?post=4255"}],"version-history":[{"count":3,"href":"https:\/\/www.poetenladen-der-verlag.de\/wordpress\/wp-json\/wp\/v2\/posts\/4255\/revisions"}],"predecessor-version":[{"id":4259,"href":"https:\/\/www.poetenladen-der-verlag.de\/wordpress\/wp-json\/wp\/v2\/posts\/4255\/revisions\/4259"}],"wp:attachment":[{"href":"https:\/\/www.poetenladen-der-verlag.de\/wordpress\/wp-json\/wp\/v2\/media?parent=4255"}],"wp:term":[{"taxonomy":"category","embeddable":true,"href":"https:\/\/www.poetenladen-der-verlag.de\/wordpress\/wp-json\/wp\/v2\/categories?post=4255"},{"taxonomy":"post_tag","embeddable":true,"href":"https:\/\/www.poetenladen-der-verlag.de\/wordpress\/wp-json\/wp\/v2\/tags?post=4255"}],"curies":[{"name":"wp","href":"https:\/\/api.w.org\/{rel}","templated":true}]}}