{"id":4005,"date":"2017-05-21T12:12:03","date_gmt":"2017-05-21T10:12:03","guid":{"rendered":"http:\/\/www.poetenladen-der-verlag.de\/wordpress\/?p=4005"},"modified":"2017-05-22T23:47:05","modified_gmt":"2017-05-22T21:47:05","slug":"leipzig-literarisch-kirchentag-2017","status":"publish","type":"post","link":"https:\/\/www.poetenladen-der-verlag.de\/wordpress\/leipzig-literarisch-kirchentag-2017\/","title":{"rendered":"Leipzig literarisch &#8211; Kirchentag 2017"},"content":{"rendered":"<h2 class=\"eg_PGH_result_activityTitle \">Der poetenladen mit Leipziger Autorinnen und Autoren beim Evangelischen Kirchentag<\/h2>\n<p><span style=\"color: #000000;\">Freitag 26. Mai 2017, 17 &#8211; 18:30 Uhr<\/span><br \/>\n<span style=\"color: #000000;\"> Kongresshalle am Zoo, 1. OG, Schumann-Saal, Pfaffendorfer Str. 31, Leipzig<br \/>\n<\/span><span style=\"color: #000000;\">Die AutorInenn lesen aus ihren B\u00fcchern und sprechen mit Andreas Heidtmann, poetenladen Verlag, \u00fcber Luther, Glaube und die Leipziger Literaturszene,<\/span><\/p>\n<p>Mit Carl-Christian Elze, Lyriker und Schriftsteller, Leipzig<br \/>\nUlrike Feibig, Lyrikerin, Leipzig<br \/>\n<span style=\"font-size: 1rem;\">Jan Kuhlbrodt, Schriftsteller, Leipzig<br \/>\n<\/span><span style=\"font-size: 1rem;\">Moderation: Andreas Heidtmann, Verleger, Leipzig<\/span><\/p>\n<div class=\"br-half\">\n<div class=\"eg_PGH_result_activityTitle \">\n<div class=\"row\">\n<div class=\"col-xs-8\">\n<div class=\"eg_PGH_result_activityDescription\">\n<hr \/>\n<\/div>\n<div class=\"br-half\"><\/div>\n<\/div>\n<\/div>\n<\/div>\n<\/div>\n<div class=\"br-half\">\n<div class=\"eg_PGH_result_activityTitle \">\n<div class=\"br-half\">\n<div id=\"attachment_4011\" style=\"width: 225px\" class=\"wp-caption alignnone\"><a href=\"http:\/\/www.poetenladen-der-verlag.de\/wordpress\/wp-content\/uploads\/2017\/05\/9783940691767.jpg\"><img loading=\"lazy\" decoding=\"async\" aria-describedby=\"caption-attachment-4011\" class=\"size-medium wp-image-4011\" src=\"https:\/\/www.poetenladen-der-verlag.de\/wordpress\/wp-content\/uploads\/2017\/05\/9783940691767-215x300.jpg\" alt=\"\" width=\"215\" height=\"300\" srcset=\"https:\/\/www.poetenladen-der-verlag.de\/wordpress\/wp-content\/uploads\/2017\/05\/9783940691767-215x300.jpg 215w, https:\/\/www.poetenladen-der-verlag.de\/wordpress\/wp-content\/uploads\/2017\/05\/9783940691767-624x869.jpg 624w, https:\/\/www.poetenladen-der-verlag.de\/wordpress\/wp-content\/uploads\/2017\/05\/9783940691767.jpg 718w\" sizes=\"auto, (max-width: 215px) 100vw, 215px\" \/><\/a><p id=\"caption-attachment-4011\" class=\"wp-caption-text\">Ulrike Feibig: perlicke, perlacke<\/p><\/div>\n<p><strong>Ulrike Feibig,<\/strong> 1984 in Magdeburg geboren, studierte Kunstvermittlung an der Universit\u00e4t Leipzig und Literarisches Schreiben am Deutschen Literaturinstitut.<br \/>\nSeit einigen Jahren f\u00fchrt sie Projekte in den Bereichen Literatur, bildende Kunst, Tanz\/Performance durch. Sie ver\u00f6ffentlichte in Zeitschriften und Anthologien. perlicke perlacke, mein Herz schl\u00e4gt ist ihr Deb\u00fctband.<\/p>\n<p>Gedichte, Collagen, Wortzaubereien \u2013 all das trifft auf die Texte Ulrike Feibigs zu. Neben der Collagen erweist sich das Spiel mit Lauten und Metren, mit Reimen und Refrainhaftem als substantiell f\u00fcr ihre Arbeiten. Schon der Titel beschw\u00f6rt \u2013 im zauberw\u00f6rtlichen Sinn\u00a0\u2013 jenen Bereich herauf, in dem Worte nicht nur Bilder evozieren, sondern ganze Welten real werden lassen.<\/p>\n<p>\u00bbWir collagieren, und mit Wir seien hier alle gemeint, jeder Mensch und wahrscheinlich auch jedes zumindest h\u00f6here Tier. Aus unseren Eindr\u00fccken bauen wir etwas zusammen, das wir die Welt nennen, und das wir dann wieder zerlegen, analysieren k\u00f6nnen.\u00ab Aus dem Nachwort zu Ulrike Feibigs Band.\u00ab<\/p>\n<\/div>\n<\/div>\n<\/div>\n<div class=\"br-half\"><\/div>\n<div class=\"br-half\"><\/div>\n<div class=\"br-half\"><\/div>\n<div class=\"br-half\">\n<div id=\"attachment_4009\" style=\"width: 204px\" class=\"wp-caption alignnone\"><a href=\"http:\/\/www.poetenladen-der-verlag.de\/wordpress\/wp-content\/uploads\/2017\/05\/CC_Kuhlbrodt_Modell_125.jpg\"><img loading=\"lazy\" decoding=\"async\" aria-describedby=\"caption-attachment-4009\" class=\"wp-image-4009 \" src=\"https:\/\/www.poetenladen-der-verlag.de\/wordpress\/wp-content\/uploads\/2017\/05\/CC_Kuhlbrodt_Modell_125-180x300.jpg\" alt=\"\" width=\"194\" height=\"306\" \/><\/a><p id=\"caption-attachment-4009\" class=\"wp-caption-text\">Jan Kuhlbrodt: Das Model<\/p><\/div>\n<div class=\"autor_text\">\n<div class=\"txt\">\n<p><strong>Jan Kuhlbrodt<\/strong>, geboren 1966 in Chemnitz, lebt als Autor und Herausgeber in Leipzig. Er studierte Philosophie, \u00d6konomie, Soziologie und Politikwissenschaften in Leipzig und Frankfurt\/Main sowie am Deutschen Literaturinstitut Leipzig. Jan Kuhlbrodt hatte verschiedene Lehrauftr\u00e4ge und Gastdozenturen f\u00fcr Literatur und Kreatives Schreiben inne, aktuell am Deutschen Literaturinstitut Leipzig. Er war Redakteur bei <em>EDIT<\/em> und <em>Ostragehege<\/em> und betreibt den Blog Postkultur. Von ihm erschienen mehrere Prosa- und Lyrikb\u00e4nde, er wurde mit zahlreichen Preisen und Stipendien ausgezeichnet.<\/p>\n<\/div>\n<div class=\"txt\">\n<p>\u00bbSouver\u00e4n wandelt Jan Kuhlbrodt zwischen narrativen und essayistischen Passagen und erweist sich dabei als Autor, der trotz hohen Reflexionsniveaus mit Leichtigkeit, Melancholie und Selbstironie erz\u00e4hlen kann.\u00ab<em><br \/>\nAus der Laudatio zum Literaturpreis des S\u00e4chsischen Staatsministeriums 2014<\/em><\/p>\n<\/div>\n<p>&nbsp;<\/p>\n<\/div>\n<div id=\"attachment_4010\" style=\"width: 208px\" class=\"wp-caption alignnone\"><a href=\"http:\/\/www.poetenladen-der-verlag.de\/wordpress\/wp-content\/uploads\/2017\/05\/41bSZRI7xJL._SX327_BO1204203200_.jpg\"><img loading=\"lazy\" decoding=\"async\" aria-describedby=\"caption-attachment-4010\" class=\"wp-image-4010 size-medium\" src=\"https:\/\/www.poetenladen-der-verlag.de\/wordpress\/wp-content\/uploads\/2017\/05\/41bSZRI7xJL._SX327_BO1204203200_-198x300.jpg\" alt=\"\" width=\"198\" height=\"300\" srcset=\"https:\/\/www.poetenladen-der-verlag.de\/wordpress\/wp-content\/uploads\/2017\/05\/41bSZRI7xJL._SX327_BO1204203200_-198x300.jpg 198w, https:\/\/www.poetenladen-der-verlag.de\/wordpress\/wp-content\/uploads\/2017\/05\/41bSZRI7xJL._SX327_BO1204203200_.jpg 329w\" sizes=\"auto, (max-width: 198px) 100vw, 198px\" \/><\/a><p id=\"caption-attachment-4010\" class=\"wp-caption-text\">Cal-Christian Elze: diese kleinen, in der luft h\u00e4ngenden, bergpredigenden gebilde<\/p><\/div>\n<\/div>\n<div class=\"br-half\">\n<p><strong>Carl-Christian Elze<\/strong> wurde 1974 in Berlin geboren und lebt in Leipzig. Er studierte Biologie und Germanistik, und von 2004-2008 am Deutschen Literaturinstitut Leipzig. Von 2002 bis 2009 war er Mitherausgeber der Literaturzeitschrift plumbum, die 2007 mit dem V.O. Stomps Preis der Stadt Mainz ausgezeichnet wurde. Carl-Christian Elze schreibt Gedichte, Prosa, Drehb\u00fccher und Libretti. Zahlreiche Einzelver\u00f6ffentlichungen und Beitr\u00e4ge in Literaturzeitschriften und Anthologien wie EDIT, Lyrik von Jetzt 2 und Jahrbuch der Lyrik. Carl-Christian Elze erhielt f\u00fcr sein Werk verschiedene Preise, zuletzt den Joachim-Ringelnatz-Nachwuchspreis der Stadt Cuxhaven und ein Bundesstipendium f\u00fcr das Deutsche Studienzentrum Venedig.<\/p>\n<\/div>\n<p>Mikrokosmos, Makrokosmos, Universum: Durch Carl-Christian Elzes neuen Lyrikband bewegt man sich wie eine Ameise \u00fcber eine Kugel \u2013 oder \u00fcber ein M\u00f6biusband. Die ganze Welt auf einem dicht beschriebenen Streifen Papier. Urknall und Liebe begegnen sich nicht in einem metaphorischen Verh\u00e4ltnis, sondern als tats\u00e4chlicher Zusammenhang, der ein paar Jahrmillionen in zwei Versen verbindet. In dieser Kugel findet sich Gro\u00dfes auf kleinstem Raum, stets sind Extreme ihrem Gegenteil nah.<\/p>\n<div class=\"br-half\"><\/div>\n","protected":false},"excerpt":{"rendered":"<p>Der poetenladen mit Leipziger Autorinnen und Autoren beim Evangelischen Kirchentag Freitag 26. Mai 2017, 17 &#8211; 18:30 Uhr Kongresshalle am Zoo, 1. OG, Schumann-Saal, Pfaffendorfer Str. 31, Leipzig Die AutorInenn lesen aus ihren B\u00fcchern und sprechen mit Andreas Heidtmann, poetenladen Verlag, \u00fcber Luther, Glaube und die Leipziger Literaturszene, Mit Carl-Christian Elze, Lyriker und Schriftsteller, Leipzig [&hellip;]<\/p>\n","protected":false},"author":3,"featured_media":0,"comment_status":"closed","ping_status":"closed","sticky":false,"template":"","format":"standard","meta":{"footnotes":""},"categories":[6,64],"tags":[22,480,124,55,706,707,710,709,49,59,606,708,655],"class_list":["post-4005","post","type-post","status-publish","format-standard","hentry","category-lesungen","category-poetische-news","tag-andreas-heidtmann","tag-carl-christian-elze","tag-jan-kuhlbrodt","tag-kirchentag","tag-kirchentag-2017","tag-leipzig-literarisch","tag-leipziger-autorinnen-und-autoren","tag-lutherjahr","tag-poet","tag-poetenladen","tag-poetenladen-verlag","tag-reformation","tag-ulrike-feibig"],"_links":{"self":[{"href":"https:\/\/www.poetenladen-der-verlag.de\/wordpress\/wp-json\/wp\/v2\/posts\/4005","targetHints":{"allow":["GET"]}}],"collection":[{"href":"https:\/\/www.poetenladen-der-verlag.de\/wordpress\/wp-json\/wp\/v2\/posts"}],"about":[{"href":"https:\/\/www.poetenladen-der-verlag.de\/wordpress\/wp-json\/wp\/v2\/types\/post"}],"author":[{"embeddable":true,"href":"https:\/\/www.poetenladen-der-verlag.de\/wordpress\/wp-json\/wp\/v2\/users\/3"}],"replies":[{"embeddable":true,"href":"https:\/\/www.poetenladen-der-verlag.de\/wordpress\/wp-json\/wp\/v2\/comments?post=4005"}],"version-history":[{"count":12,"href":"https:\/\/www.poetenladen-der-verlag.de\/wordpress\/wp-json\/wp\/v2\/posts\/4005\/revisions"}],"predecessor-version":[{"id":4047,"href":"https:\/\/www.poetenladen-der-verlag.de\/wordpress\/wp-json\/wp\/v2\/posts\/4005\/revisions\/4047"}],"wp:attachment":[{"href":"https:\/\/www.poetenladen-der-verlag.de\/wordpress\/wp-json\/wp\/v2\/media?parent=4005"}],"wp:term":[{"taxonomy":"category","embeddable":true,"href":"https:\/\/www.poetenladen-der-verlag.de\/wordpress\/wp-json\/wp\/v2\/categories?post=4005"},{"taxonomy":"post_tag","embeddable":true,"href":"https:\/\/www.poetenladen-der-verlag.de\/wordpress\/wp-json\/wp\/v2\/tags?post=4005"}],"curies":[{"name":"wp","href":"https:\/\/api.w.org\/{rel}","templated":true}]}}