{"id":3827,"date":"2016-08-21T13:56:21","date_gmt":"2016-08-21T11:56:21","guid":{"rendered":"http:\/\/www.poetenladen-der-verlag.de\/wordpress\/?p=3827"},"modified":"2016-08-21T13:56:21","modified_gmt":"2016-08-21T11:56:21","slug":"jaeger-gejagte-5-gedichte-von-uwe-huebner","status":"publish","type":"post","link":"https:\/\/www.poetenladen-der-verlag.de\/wordpress\/jaeger-gejagte-5-gedichte-von-uwe-huebner\/","title":{"rendered":"J\u00e4ger Gejagte \u2013 5 Gedichte von Uwe H\u00fcbner"},"content":{"rendered":"<h2>J\u00e4ger Gejagte \u2013 5 Gedichte von Uwe H\u00fcbner<\/h2>\n<h4>Peter Mario Grau (Rezitation),\u00a0Jondikator (Video\/Musik),\u00a0Daniel Semke (Licht\/Ton)<br \/>\n<a href=\"http:\/\/www.acud.de\/\" target=\"_blank\">ACUD Theate<\/a>r &#8211;\u00a0Veteranenstra\u00dfe 21,\u00a010119 Berlin-Mitte<\/h4>\n<p><strong>Termin : Samstag, den 27. August 2016 um 20.00 Uhr<\/strong><br \/>\nAuff\u00fchrungsdauer : 60 Minuten,\u00a0Eintritt : 10\u20ac \/ erm\u00e4\u00dfigt 5\u20ac<\/p>\n<div id=\"attachment_3830\" style=\"width: 461px\" class=\"wp-caption alignnone\"><a href=\"http:\/\/www.poetenladen-der-verlag.de\/wordpress\/wp-content\/uploads\/2016\/08\/\u00e1cud01.jpg\"><img loading=\"lazy\" decoding=\"async\" aria-describedby=\"caption-attachment-3830\" class=\"size-full wp-image-3830\" src=\"https:\/\/www.poetenladen-der-verlag.de\/wordpress\/wp-content\/uploads\/2016\/08\/\u00e1cud01.jpg\" alt=\"Plakat von Vpler Mehner und Uwe H\u00fcbner\" width=\"451\" height=\"593\" \/><\/a><p id=\"caption-attachment-3830\" class=\"wp-caption-text\">Acud Plakat<\/p><\/div>\n<p><strong>Uwe H\u00fcbner,\u00a0<\/strong>geboren 1951 in Gelenau\/Erzgebirge, lebt als Autor in Dresden. Er war unter anderem als\u00a0Maurer, Bibliothekshelfer, Buchh\u00e4ndler, Galerist und Maschinist t\u00e4tig.<br \/>\nBuchpublikationen:<br \/>\n&#8211; J\u00e4ger Gejagte. Gedichte. Poetenladen, Leipzig 2013<br \/>\n&#8211; L\u00f6chrige Deckschicht. Gedichte.<br \/>\n&#8211; Pinscher und Promenade. Szenische Texte, kurze Prosa. Galrev Verlag, Berlin 1993<\/p>\n<p><em>\u201eMan k\u00f6nnte Uwe H\u00fcbner wie kaum einen anderen der zeitgen\u00f6ssischen Dichter als<\/em><br \/>\n<em> Chronist der Br\u00fcche in der Nachwendezeit bezeichnen, der Um- und Neubewertungen,<\/em><br \/>\n<em> der Anpassungsleistungen, der Abschleifungsprozesse und der Sinnentleerung. Als einen,<\/em><br \/>\n<em> der dies mit hintergr\u00fcndigem Humor pariert, einer Bissigkeit zuweilen als ad\u00e4quate<\/em><br \/>\n<em> dichterische Reaktion, die sich wie eine Abrechnung mit dem Zeitgeist liest.\u201c\u00a0<\/em>Jayne-Ann Igel<br \/>\n<strong>Peter Mario Grau<\/strong>,\u00a0geboren 1955 in Altenburg\/Th\u00fcringen, lebt als freiberuflicher Schauspieler in Berlin. Er\u00a0spielte unter anderem am Staatsschauspiel Dresden, am Mecklenburgischen<br \/>\nStaatstheater Schwerin, am Schauspiel Leipzig und in Film-und Fernsehproduktionen.<\/p>\n<div id=\"attachment_3831\" style=\"width: 263px\" class=\"wp-caption alignnone\"><a href=\"http:\/\/www.poetenladen-der-verlag.de\/wordpress\/wp-content\/uploads\/2016\/08\/3d-uwe-huebner-jaeger-400.jpg\"><img loading=\"lazy\" decoding=\"async\" aria-describedby=\"caption-attachment-3831\" class=\" wp-image-3831\" src=\"https:\/\/www.poetenladen-der-verlag.de\/wordpress\/wp-content\/uploads\/2016\/08\/3d-uwe-huebner-jaeger-400.jpg\" alt=\"J\u00e4ger Gejagte Uwe H\u00fcbner\" width=\"253\" height=\"392\" \/><\/a><p id=\"caption-attachment-3831\" class=\"wp-caption-text\">Uwe H\u00fcbner: J\u00e4ger Gejagte<\/p><\/div>\n<p>Uwe H\u00fcbner: J\u00e4ger Gejagte<br \/>\nGedichte,\u00a0Reihe Neue Lyrik \u2013 Band 6<br \/>\nKulturstiftung des Freistaates Sachsen<br \/>\nHerausgegeben von Jayne-Ann Igel,<br \/>\nJan Kuhlbrodt und Ralph Lindner<br \/>\npoetenladen 2013<br \/>\nGebundene Ausgabe<br \/>\n104 Seiten | Euro 16.80<br \/>\nISBN 978-3-940691-49-1<\/p>\n<p><a href=\"http:\/\/www.poetenladen-der-verlag.de\/autoren-uwe-huebner.htm\" target=\"_blank\">Zum Autor und zum Titel \u00a0\u00a0\u25ba<\/a><br \/>\n<a class=\"shop1\" href=\"http:\/\/www.poetenladen.de\/bookshop\/reihe-neue-lyrik\/28-uwe-hubner-jager-gejagte-9783940691491.html\" target=\"_blank\">Portofrei bestellen (Shop 1)\u00a0\u00a0\u25ba<\/a><\/p>\n","protected":false},"excerpt":{"rendered":"<p>J\u00e4ger Gejagte \u2013 5 Gedichte von Uwe H\u00fcbner Peter Mario Grau (Rezitation),\u00a0Jondikator (Video\/Musik),\u00a0Daniel Semke (Licht\/Ton) ACUD Theater &#8211;\u00a0Veteranenstra\u00dfe 21,\u00a010119 Berlin-Mitte Termin : Samstag, den 27. August 2016 um 20.00 Uhr Auff\u00fchrungsdauer : 60 Minuten,\u00a0Eintritt : 10\u20ac \/ erm\u00e4\u00dfigt 5\u20ac Uwe H\u00fcbner,\u00a0geboren 1951 in Gelenau\/Erzgebirge, lebt als Autor in Dresden. Er war unter anderem als\u00a0Maurer, Bibliothekshelfer, [&hellip;]<\/p>\n","protected":false},"author":3,"featured_media":0,"comment_status":"closed","ping_status":"closed","sticky":false,"template":"","format":"standard","meta":{"footnotes":""},"categories":[6],"tags":[669,670,196,451,671,59,34],"class_list":["post-3827","post","type-post","status-publish","format-standard","hentry","category-lesungen","tag-acud","tag-acud-theater","tag-gedichte","tag-jaeger-gejagte","tag-peter-mario-grau","tag-poetenladen","tag-uwe-hubner"],"_links":{"self":[{"href":"https:\/\/www.poetenladen-der-verlag.de\/wordpress\/wp-json\/wp\/v2\/posts\/3827","targetHints":{"allow":["GET"]}}],"collection":[{"href":"https:\/\/www.poetenladen-der-verlag.de\/wordpress\/wp-json\/wp\/v2\/posts"}],"about":[{"href":"https:\/\/www.poetenladen-der-verlag.de\/wordpress\/wp-json\/wp\/v2\/types\/post"}],"author":[{"embeddable":true,"href":"https:\/\/www.poetenladen-der-verlag.de\/wordpress\/wp-json\/wp\/v2\/users\/3"}],"replies":[{"embeddable":true,"href":"https:\/\/www.poetenladen-der-verlag.de\/wordpress\/wp-json\/wp\/v2\/comments?post=3827"}],"version-history":[{"count":5,"href":"https:\/\/www.poetenladen-der-verlag.de\/wordpress\/wp-json\/wp\/v2\/posts\/3827\/revisions"}],"predecessor-version":[{"id":3834,"href":"https:\/\/www.poetenladen-der-verlag.de\/wordpress\/wp-json\/wp\/v2\/posts\/3827\/revisions\/3834"}],"wp:attachment":[{"href":"https:\/\/www.poetenladen-der-verlag.de\/wordpress\/wp-json\/wp\/v2\/media?parent=3827"}],"wp:term":[{"taxonomy":"category","embeddable":true,"href":"https:\/\/www.poetenladen-der-verlag.de\/wordpress\/wp-json\/wp\/v2\/categories?post=3827"},{"taxonomy":"post_tag","embeddable":true,"href":"https:\/\/www.poetenladen-der-verlag.de\/wordpress\/wp-json\/wp\/v2\/tags?post=3827"}],"curies":[{"name":"wp","href":"https:\/\/api.w.org\/{rel}","templated":true}]}}