{"id":3813,"date":"2016-07-08T11:03:09","date_gmt":"2016-07-08T09:03:09","guid":{"rendered":"http:\/\/www.poetenladen-der-verlag.de\/wordpress\/?p=3813"},"modified":"2016-07-08T12:12:59","modified_gmt":"2016-07-08T10:12:59","slug":"martha-saalfeld-foerderpreis","status":"publish","type":"post","link":"https:\/\/www.poetenladen-der-verlag.de\/wordpress\/martha-saalfeld-foerderpreis\/","title":{"rendered":"Martha-Saalfeld-F\u00f6rderpreis 2016"},"content":{"rendered":"<div class=\"td-post-header\">\n<header class=\"td-post-title\">\n<h2 class=\"entry-title\">Martha-Saalfeld-F\u00f6rderpreis 2016 geht an<br \/>\nMartina Weber,\u00a0Stefan Gemmel, Rainer Holl\u00a0und Maike Wetzel<\/h2>\n<p class=\"entry-title\">Am 13. Juli 2016 wird am Campus Landau der diesj\u00e4hrige Martha-Saalfeld-F\u00f6rderpreis f\u00fcr Literatur des Landes Rheinland-Pfalz verleihen.<\/p>\n<p class=\"entry-title\"><a href=\"http:\/\/www.metropolnews.info\/mp179281\/landau-verleihung-des-martha-saalfeld-foerderpreises-am-campus-landau\" target=\"_blank\">Die \u00f6ffentliche Preisverleihung findet ab 18 Uhr im Audimax am Campus Landau der Universit\u00e4t Koblenz-Landau, Fortstra\u00dfe 7, statt. Der Eintritt ist frei<\/a><\/p>\n<\/header>\n<\/div>\n<div class=\"td-post-content\">\n<p>Die Preistr\u00e4ger 2016 Stefan Gemmel, Rainer Holl, Martina Weber und Maike Wetzel wurden von einer Fachjury und Studierenden einer germanistischen Lehrveranstaltung an der Universit\u00e4t in Landau unter 80 Bewerberinnen und Bewerbern ausgew\u00e4hlt. Den mit insgesamt 10.000 Euro dotierten Preis \u00fcberreichen Kulturminister Prof. Dr. Konrad Wolf und der Pr\u00e4sident der Universit\u00e4t Koblenz-Landau, Prof. Dr. Roman Heiligenthal.<\/p>\n<p>Die Studierenden des Studiengangs \u201eDarstellendes Spiel\/Theater\u201c des ZKW (Zentrum f\u00fcr Kultur- und Wissensdialog) werden in kurzweiliger Weise die pr\u00e4mierten Texte inszenieren. Das Publikum wird an dem Abend aus den Preistr\u00e4gern einen Hauptpreistr\u00e4ger w\u00e4hlen d\u00fcrfen. Bei einem Weinumtrunk im Anschluss haben die G\u00e4ste die Gelegenheit zum Gespr\u00e4ch mit den Autorinnen und Autoren.<\/p>\n<div id=\"attachment_3815\" style=\"width: 340px\" class=\"wp-caption alignnone\"><a href=\"http:\/\/www.poetenladen-der-verlag.de\/wordpress\/wp-content\/uploads\/2016\/07\/martinaweber-300.jpg\"><img loading=\"lazy\" decoding=\"async\" aria-describedby=\"caption-attachment-3815\" class=\"wp-image-3815 size-full\" title=\"Martina Weber erh\u00e4lt Martha-Saalfeld-F\u00f6rderpreis\" src=\"https:\/\/www.poetenladen-der-verlag.de\/wordpress\/wp-content\/uploads\/2016\/07\/martinaweber-300.jpg\" alt=\"Martina Weber Martha-Saalfeld-F\u00f6rderpreis\" width=\"330\" height=\"248\" \/><\/a><p id=\"caption-attachment-3815\" class=\"wp-caption-text\">Martha-Saalfeld-F\u00f6rderpreis an Martina Weber<\/p><\/div>\n<p><a href=\"http:\/\/www.poetenladen-der-verlag.de\/autoren-martina-weber.php\" target=\"_blank\"><em>Martina Weber im poetenladen Verlag<\/em><\/a><\/p>\n<p><strong>Martina Weber<\/strong>, 1966 in Mannheim geboren, lebt in Frankfurt am Main als Lyrikerin und Juristin. Seit 2005 leitet sie die<i> Textwerkstatt II<\/i> im Zentrum f\u00fcr junge Literatur in Darmstadt. 2013 erschien ihr Lyrikdeb\u00fct <i>erinnerungen an einen rohstoff <\/i>im poetenladen Verlag.<\/p>\n<p>Sie publizierte u.a. in <i>Sinn und Form, Jahrbuch der Lyrik, au\u00dfer.dem, Der deutsche Lyrikkalender, Blumenfresser <\/i>sowie<i> poet<\/i>. In 3. Auflage erschien: <i>Zwischen Handwerk und Inspiration. Lyrik schreiben und ver\u00f6ffentlichen <\/i>(Uschtrin Verlag, 2011).<\/p>\n<p>Auszeichnungen u.a.: Frankfurter Autorenstipendium, Arbeitsstipendium des Landes Hessen, Georg Glaser-F\u00f6rderpreis, Heinrich Vetter-Preis, Finalisten beim M\u00fcnchner Lyrikreis, beim Lyrikpreis Meran sowie beim Horst-Bingel-Preis.<\/p>\n<\/div>\n","protected":false},"excerpt":{"rendered":"<p>Martha-Saalfeld-F\u00f6rderpreis 2016 geht an Martina Weber,\u00a0Stefan Gemmel, Rainer Holl\u00a0und Maike Wetzel Am 13. Juli 2016 wird am Campus Landau der diesj\u00e4hrige Martha-Saalfeld-F\u00f6rderpreis f\u00fcr Literatur des Landes Rheinland-Pfalz verleihen. Die \u00f6ffentliche Preisverleihung findet ab 18 Uhr im Audimax am Campus Landau der Universit\u00e4t Koblenz-Landau, Fortstra\u00dfe 7, statt. Der Eintritt ist frei Die Preistr\u00e4ger 2016 Stefan Gemmel, [&hellip;]<\/p>\n","protected":false},"author":3,"featured_media":0,"comment_status":"closed","ping_status":"closed","sticky":false,"template":"","format":"standard","meta":{"footnotes":""},"categories":[1,9,64],"tags":[665,666,664,668,667,331,59],"class_list":["post-3813","post","type-post","status-publish","format-standard","hentry","category-ausschreibungen","category-diskussion","category-poetische-news","tag-foerderpreis","tag-koblent-landau","tag-martha-saalfeld","tag-martha-saalfeld-foerderpreis","tag-martha-saalfeld-preis","tag-martina-weber","tag-poetenladen"],"_links":{"self":[{"href":"https:\/\/www.poetenladen-der-verlag.de\/wordpress\/wp-json\/wp\/v2\/posts\/3813","targetHints":{"allow":["GET"]}}],"collection":[{"href":"https:\/\/www.poetenladen-der-verlag.de\/wordpress\/wp-json\/wp\/v2\/posts"}],"about":[{"href":"https:\/\/www.poetenladen-der-verlag.de\/wordpress\/wp-json\/wp\/v2\/types\/post"}],"author":[{"embeddable":true,"href":"https:\/\/www.poetenladen-der-verlag.de\/wordpress\/wp-json\/wp\/v2\/users\/3"}],"replies":[{"embeddable":true,"href":"https:\/\/www.poetenladen-der-verlag.de\/wordpress\/wp-json\/wp\/v2\/comments?post=3813"}],"version-history":[{"count":3,"href":"https:\/\/www.poetenladen-der-verlag.de\/wordpress\/wp-json\/wp\/v2\/posts\/3813\/revisions"}],"predecessor-version":[{"id":3817,"href":"https:\/\/www.poetenladen-der-verlag.de\/wordpress\/wp-json\/wp\/v2\/posts\/3813\/revisions\/3817"}],"wp:attachment":[{"href":"https:\/\/www.poetenladen-der-verlag.de\/wordpress\/wp-json\/wp\/v2\/media?parent=3813"}],"wp:term":[{"taxonomy":"category","embeddable":true,"href":"https:\/\/www.poetenladen-der-verlag.de\/wordpress\/wp-json\/wp\/v2\/categories?post=3813"},{"taxonomy":"post_tag","embeddable":true,"href":"https:\/\/www.poetenladen-der-verlag.de\/wordpress\/wp-json\/wp\/v2\/tags?post=3813"}],"curies":[{"name":"wp","href":"https:\/\/api.w.org\/{rel}","templated":true}]}}