{"id":3389,"date":"2015-04-18T21:04:45","date_gmt":"2015-04-18T19:04:45","guid":{"rendered":"http:\/\/www.poetenladen-der-verlag.de\/wordpress\/?p=3389"},"modified":"2015-04-18T21:40:11","modified_gmt":"2015-04-18T19:40:11","slug":"zwickauer-literaturfruehling","status":"publish","type":"post","link":"https:\/\/www.poetenladen-der-verlag.de\/wordpress\/zwickauer-literaturfruehling\/","title":{"rendered":"Poetenladen beim Zwickauer Literaturfr\u00fchling"},"content":{"rendered":"<p><strong>22.04 bis 26-04.2015<\/strong><br \/>\n<strong> FAK \u00a0 H\u00f6lderlinstra\u00dfe 4, 08056 Zwickau<\/strong><\/p>\n<p><span style=\"color: #333333;\"><span style=\"font-family: Verdana,sans-serif;\">Zehn Verlage aus Sachsen und dem Rheinland wurden nach Zwickau zum Zwickauer Literaturfr\u00fchling eingeladen, um sich in den Ausstellungsr\u00e4umen des Kunstvereins FAK zu pr\u00e4sentieren. Hierbei ist uns wichtig, dass es sich um freie, unabh\u00e4ngige Verlage handelt, die auf ihrem Gebiet jeweils eine qualit\u00e4tsvolle, aktuelle Position vertreten. Die beteiligten Verlage haben sich ein unverwechselbares, eigenst\u00e4ndiges Programm erarbeitet, das sie auf nationaler und internationaler Ebene pr\u00e4sentieren. Diesen Anspruch signalisieren auch ihre Buchmessenauftritte in Leipzig und Frankfurt.<\/span><\/span><\/p>\n<p><a href=\"http:\/\/www.poetenladen-der-verlag.de\/wordpress\/wp-content\/uploads\/2015\/04\/zwickauerliteratur.jpg\"><img loading=\"lazy\" decoding=\"async\" class=\"size-full wp-image-3392\" src=\"https:\/\/www.poetenladen-der-verlag.de\/wordpress\/wp-content\/uploads\/2015\/04\/zwickauerliteratur.jpg\" alt=\"Zwickauer Literaturfruehling\" width=\"224\" height=\"144\" \/><\/a><\/p>\n<h3><strong><span style=\"color: #333333;\"><span style=\"font-family: Verdana,sans-serif;\">Die Verlage beim Zwickauer Literaturfr\u00fchling<\/span><\/span><\/strong><\/h3>\n<p>Buchvolk-Verlag, Zwickau, Edition Azur, Dresden, Ille &amp; Riemer, Leipzig, Leipziger Literaturverlag, Mirabilis Verlag, Miltitz, MMKoehn, Leipzig\/Berlin, M\u00fchle 1 Verlag, Callenberg, onomato Verlag, D\u00fcsseldorf, Poetenladen, Leipzig, Spector Books, Leipzig<\/p>\n<h3><span style=\"font-family: Verdana,sans-serif;\"><strong><span style=\"color: #333333;\">25. April &#8211; Samstag<\/span>\u00a0 &#8211; <span style=\"color: #333333;\">Zwickauer Literaturfr\u00fchling<\/span><\/strong><br \/>\n<\/span><\/h3>\n<p>16.00\u00a0 <span style=\"color: #333333;\"> Poetenladen<\/span><span style=\"color: #333333;\"><br \/>\n&#8222;Dein L\u00e4cheln wird blau&#8220; (Lyrik)<br \/>\nPeggy Neidel, Sibylla Vri\u010di\u0107 Hausmann, Marie T. Martin<br \/>\nModeration: Andreas Heidtmann (Verleger)<\/span><\/p>\n<p><span style=\"font-family: Verdana,sans-serif;\">19.30\u00a0 <span style=\"color: #333333;\"> Poetenladen<\/span><span style=\"color: #333333;\"><br \/>\nKennen wir uns? <\/span><\/span><span style=\"font-family: Verdana,sans-serif;\"><span style=\"color: #333333;\"><span style=\"font-family: Verdana,sans-serif;\">\u2013<\/span> Marie T. Martin liest aus ihrem neuen Band mit Kleiner Prosa: <a href=\"http:\/\/www.poetenladen-der-verlag.de\/woher-nehmen-sie-die-frechheit.htm\" target=\"_blank\">&#8222;Woher nehmen Sie die Frechheit, meine Handtasche zu \u00f6ffnen?&#8220;<\/a>.<br \/>\nModeration: Andreas Heidtmann (Verleger)<\/span><br \/>\n<\/span><\/p>\n<p><a href=\"http:\/\/www.poetenladen-der-verlag.de\/wordpress\/wp-content\/uploads\/2015\/04\/0001-zwickau.jpg\"><img loading=\"lazy\" decoding=\"async\" class=\"alignnone wp-image-3395 size-medium\" src=\"https:\/\/www.poetenladen-der-verlag.de\/wordpress\/wp-content\/uploads\/2015\/04\/0001-zwickau-225x300.jpg\" alt=\"zwickauer literaturfr\u00fchling verlage\" width=\"225\" height=\"300\" \/><\/a><\/p>\n<p><span style=\"color: #333333;\"><span style=\"font-family: Arial,sans-serif;\"><span style=\"font-family: Verdana,sans-serif;\"><br \/>\n&#8222;W\u00e4hrend der f\u00fcnf Tage sollen, mit Unterst\u00fctzung der Literatur- und Kunstbuchverlage, Literatur und Kunst als herausragendes \u00f6ffentliches Kulturereignis und privates, ja intimes Unterhaltungserlebnis einem interessierten Publikum angeboten werden. Ebenso soll der Vermittlungsgedanke unseres Projekts Wissenswertes, Nischenwissen, Neues aus den Bereichen Literatur, Kunst, Kultur und Verlagswesen auf den Weg bringen.<\/span><\/span><\/span><\/p>\n<p><span style=\"color: #333333;\"><span style=\"font-family: Arial,sans-serif;\"><span style=\"font-family: Verdana,sans-serif;\">Ein derartiges Konzept, das weit \u00fcber die Addition von Lesungen, also einer einfachen Lesereihe hinausgeht, gibt es in Zwickau bzw. Westsachsen bislang nicht. Wichtig ist es den Veranstaltern zu zeigen, dass die Literatur- und Kunstinteressen nicht nur in den beiden Metropolen Leipzig und Dresden geb\u00fcndelt und bedient werden, sondern ebenfalls in kleineren St\u00e4dten und l\u00e4ndlichen Gebieten ihr zu Hause haben.&#8220;<\/span><\/span><\/span><\/p>\n<p><a href=\"http:\/\/www.zwickauer-literaturfruehling.de\/index.html\" target=\"_blank\">Veranstalter des <span style=\"color: #333333;\"><span style=\"font-family: Verdana,sans-serif;\">Zwickauer Literaturfr\u00fchling<\/span><\/span>s:<\/a><br \/>\n<span style=\"color: #333333;\">Freunde Aktueller Kunst e. V. FAK <\/span>,\u00a0 <span style=\"color: #333333;\">Mirabilis Verlag<\/span><\/p>\n<p>&nbsp;<\/p>\n","protected":false},"excerpt":{"rendered":"<p>22.04 bis 26-04.2015 FAK \u00a0 H\u00f6lderlinstra\u00dfe 4, 08056 Zwickau Zehn Verlage aus Sachsen und dem Rheinland wurden nach Zwickau zum Zwickauer Literaturfr\u00fchling eingeladen, um sich in den Ausstellungsr\u00e4umen des Kunstvereins FAK zu pr\u00e4sentieren. Hierbei ist uns wichtig, dass es sich um freie, unabh\u00e4ngige Verlage handelt, die auf ihrem Gebiet jeweils eine qualit\u00e4tsvolle, aktuelle Position vertreten. [&hellip;]<\/p>\n","protected":false},"author":3,"featured_media":0,"comment_status":"closed","ping_status":"closed","sticky":false,"template":"","format":"standard","meta":{"footnotes":""},"categories":[9,6],"tags":[591,109,85,587,16,376,49,59,590,588,589],"class_list":["post-3389","post","type-post","status-publish","format-standard","hentry","category-diskussion","category-lesungen","tag-fak","tag-heidtmann","tag-independents","tag-literaturfruehling","tag-marie-t-martin","tag-peggy-neidel","tag-poet","tag-poetenladen","tag-sibylla-hausmann","tag-zwickau","tag-zwickauer-fruehling"],"_links":{"self":[{"href":"https:\/\/www.poetenladen-der-verlag.de\/wordpress\/wp-json\/wp\/v2\/posts\/3389","targetHints":{"allow":["GET"]}}],"collection":[{"href":"https:\/\/www.poetenladen-der-verlag.de\/wordpress\/wp-json\/wp\/v2\/posts"}],"about":[{"href":"https:\/\/www.poetenladen-der-verlag.de\/wordpress\/wp-json\/wp\/v2\/types\/post"}],"author":[{"embeddable":true,"href":"https:\/\/www.poetenladen-der-verlag.de\/wordpress\/wp-json\/wp\/v2\/users\/3"}],"replies":[{"embeddable":true,"href":"https:\/\/www.poetenladen-der-verlag.de\/wordpress\/wp-json\/wp\/v2\/comments?post=3389"}],"version-history":[{"count":20,"href":"https:\/\/www.poetenladen-der-verlag.de\/wordpress\/wp-json\/wp\/v2\/posts\/3389\/revisions"}],"predecessor-version":[{"id":3414,"href":"https:\/\/www.poetenladen-der-verlag.de\/wordpress\/wp-json\/wp\/v2\/posts\/3389\/revisions\/3414"}],"wp:attachment":[{"href":"https:\/\/www.poetenladen-der-verlag.de\/wordpress\/wp-json\/wp\/v2\/media?parent=3389"}],"wp:term":[{"taxonomy":"category","embeddable":true,"href":"https:\/\/www.poetenladen-der-verlag.de\/wordpress\/wp-json\/wp\/v2\/categories?post=3389"},{"taxonomy":"post_tag","embeddable":true,"href":"https:\/\/www.poetenladen-der-verlag.de\/wordpress\/wp-json\/wp\/v2\/tags?post=3389"}],"curies":[{"name":"wp","href":"https:\/\/api.w.org\/{rel}","templated":true}]}}