{"id":3365,"date":"2015-03-28T09:56:08","date_gmt":"2015-03-28T08:56:08","guid":{"rendered":"http:\/\/www.poetenladen-der-verlag.de\/wordpress\/?p=3365"},"modified":"2015-03-28T10:45:14","modified_gmt":"2015-03-28T09:45:14","slug":"buchpremiere-roland-erb","status":"publish","type":"post","link":"https:\/\/www.poetenladen-der-verlag.de\/wordpress\/buchpremiere-roland-erb\/","title":{"rendered":"Buchpremiere Roland Erb"},"content":{"rendered":"<h3>Buchpremiere Leipziger Autoren in der Stadtbibliothek:<br \/>\nRoland Erb liest aus seinem neuen Gedichtband<\/h3>\n<p class=\"hdrei\"><strong>08.04.2015 | 19 Uhr | Stadtbibliothek Leipzig\u00a0<\/strong><br \/>\nVeranstaltungsraum Huldreich Gro\u00df, 4. Obergeschoss<\/p>\n<p class=\"hdrei\"><strong>Trotz aller feindlichen Nachricht<\/strong><br \/>\nGedichte | Reihe Neue Lyrik<br \/>\nKulturstiftung des Freistaates Sachsen |poetenladen<br \/>\nModeration: Thomas B\u00f6hme<br \/>\nMusik: Alba Szymanski und Olga Jemeljanowa<\/p>\n<div id=\"attachment_3366\" style=\"width: 214px\" class=\"wp-caption alignnone\"><a href=\"http:\/\/www.poetenladen.de\/bookshop\/reihe-neue-lyrik\/22-roland-erb-trotz-aller-feindlichen-nachricht-9783940691606.html\"><img loading=\"lazy\" decoding=\"async\" aria-describedby=\"caption-attachment-3366\" class=\"wp-image-3366 size-medium\" src=\"https:\/\/www.poetenladen-der-verlag.de\/wordpress\/wp-content\/uploads\/2015\/03\/roland-erb-3d-trotz-aller-400-204x300.jpg\" alt=\"Trotz aller feindlichen Nachricht Gedichte von Roland Erb\" width=\"204\" height=\"300\" srcset=\"https:\/\/www.poetenladen-der-verlag.de\/wordpress\/wp-content\/uploads\/2015\/03\/roland-erb-3d-trotz-aller-400-204x300.jpg 204w, https:\/\/www.poetenladen-der-verlag.de\/wordpress\/wp-content\/uploads\/2015\/03\/roland-erb-3d-trotz-aller-400-697x1024.jpg 697w, https:\/\/www.poetenladen-der-verlag.de\/wordpress\/wp-content\/uploads\/2015\/03\/roland-erb-3d-trotz-aller-400-624x917.jpg 624w, https:\/\/www.poetenladen-der-verlag.de\/wordpress\/wp-content\/uploads\/2015\/03\/roland-erb-3d-trotz-aller-400.jpg 785w\" sizes=\"auto, (max-width: 204px) 100vw, 204px\" \/><\/a><p id=\"caption-attachment-3366\" class=\"wp-caption-text\">&#8222;Die Verse, in denen Erb seine Jugend heraufbeschw\u00f6rt, bestechen durch Emotionalit\u00e4t und Tiefensch\u00e4rfe&#8220; MDR<\/p><\/div>\n<p>Der vor kurzem beim poetenladen Verlag erschienene dritte Gedichtband des auch durch\u00a0 Erz\u00e4hlungen und \u00dcbersetzungen bekannt gewordenen Leipziger Schriftstellers Roland Erb versammelt eine Anzahl von Gedichten, die einen deutlichen Bezug zur Geschichte der letzten Jahre und Jahrzehnte erkennen lassen. In diesen Texten wie auch in den Liebesgedichten oder Texten \u00fcber moderne Stadtlandschaften wird immer wieder nach dem Sinn und Widersinn unseres Handelns und den heutigen M\u00f6glichkeiten eines zivilen Engagements gefragt. Wir laden herzlich zur Buchpremiere in der Stadtbibliothek Leipzig ein,<\/p>\n<p>Der Leipzig Lyriker Thomas B\u00f6hme stellt den Autor vor und moderiert die Lesung. Alba Szymanski und Olga Jemeljanowa spielen St\u00fccke von Mozart und anderen Komponisten.<\/p>\n<div id=\"attachment_3368\" style=\"width: 310px\" class=\"wp-caption alignnone\"><a href=\"http:\/\/www.poetenladen-der-verlag.de\/autoren-roland-erb.htm\" target=\"_blank\"><img loading=\"lazy\" decoding=\"async\" aria-describedby=\"caption-attachment-3368\" class=\"wp-image-3368 size-medium\" src=\"https:\/\/www.poetenladen-der-verlag.de\/wordpress\/wp-content\/uploads\/2015\/03\/Eoland-Erb-Foto-Poetenladen-300x200.jpg\" alt=\"Roland-Erb-Foto-Poetenladen\" width=\"300\" height=\"200\" srcset=\"https:\/\/www.poetenladen-der-verlag.de\/wordpress\/wp-content\/uploads\/2015\/03\/Eoland-Erb-Foto-Poetenladen-300x200.jpg 300w, https:\/\/www.poetenladen-der-verlag.de\/wordpress\/wp-content\/uploads\/2015\/03\/Eoland-Erb-Foto-Poetenladen-624x416.jpg 624w, https:\/\/www.poetenladen-der-verlag.de\/wordpress\/wp-content\/uploads\/2015\/03\/Eoland-Erb-Foto-Poetenladen.jpg 1000w\" sizes=\"auto, (max-width: 300px) 100vw, 300px\" \/><\/a><p id=\"caption-attachment-3368\" class=\"wp-caption-text\">Nach Abschluss der Lekt\u00fcre gewinnt der Leser unweigerlich an (Fremd-)Erfahrung dazu. Lyrikzeitung<\/p><\/div>\n<p align=\"justify\">&#8222;Der Sprecher dieser Gedichte ist einer, der sehr genau hinschaut auf die Schichten der Geschichte und aufmerksam macht auf die Nahtstellen zwischen den gro\u00dfen und den kleinen Verwerfungen und Ersch\u00fctterungen darin. Er tut das in einem sehr leisen, schlichten, bisweilen beil\u00e4ufigem Ton.&#8220; Signaturen, Uwe Hansen \u00fcber Roladn Erbs Lyrikband<\/p>\n<div align=\"justify\"><\/div>\n<div align=\"justify\"><span style=\"color: #3366ff;\"><b><a style=\"color: #3366ff;\" href=\"http:\/\/www.poetenladen-der-verlag.de\/autoren-roland-erb.htm\" target=\"_blank\">Autor und Buch im Verlag<\/a> \u2192<\/b><\/span><\/div>\n<div align=\"justify\"><span style=\"color: #3366ff;\"><b><br \/>\n<a style=\"color: #3366ff;\" href=\"http:\/\/www.poetenladen.de\/bookshop\/reihe-neue-lyrik\/22-roland-erb-trotz-aller-feindlichen-nachricht-9783940691606.html\" target=\"_blank\">Im Online Shop<\/a> \u2192<\/b><\/span><\/div>\n<p>&nbsp;<\/p>\n<p align=\"justify\">Roland Erb | Trotz aller feindlichen Nachricht<b><br \/>\n<\/b>Gedichte | Reihe Neue Lyrik \u2013 Band 7<br \/>\nKulturstiftung des Freistaates Sachsen<br \/>\nHerausgegeben von Jayne-Ann Igel,<br \/>\nJan Kuhlbrodt und Ralph Lindner<br \/>\npoetenladen 2014 | Gebundene Ausgabe<br \/>\n128 Seiten | Euro 16.80 | ISBN 978-3-940691-60-6<\/p>\n<p align=\"justify\"><strong><em>Ganz, ganz stark ist dieser Band<\/em><\/strong><\/p>\n<p>&#8222;Nichs ist einfach zu haben und selbst das, was wir h\u00e4tten, wissen wir nicht. Ich denke, Roland Erb bleibt bei dieser Feststellung. Es ist die offene Wunde, die sich nicht schlie\u00dfen l\u00e4sst, und jede Hoffnung fordert und zugleich in ihrer Forderung entlarvt sie sich selbst, da ihr Objekt \u201eins Blau(e)\u201c geht. Aber so d\u00fcrr und gesch\u00e4ndet, auch entt\u00e4uscht diese Hoffnung in der Wirklichkeit auch sei: \u201eUnd noch schien nicht alles zertr\u00fcmmert\u201c. Ganz, ganz stark ist dieser Band.&#8220;\u00a0 Fixpoetry |\u00a0 Paul-Henri Campbell \u00fcber Roland Erbs Gedichtband<\/p>\n","protected":false},"excerpt":{"rendered":"<p>Buchpremiere Leipziger Autoren in der Stadtbibliothek: Roland Erb liest aus seinem neuen Gedichtband 08.04.2015 | 19 Uhr | Stadtbibliothek Leipzig\u00a0 Veranstaltungsraum Huldreich Gro\u00df, 4. Obergeschoss Trotz aller feindlichen Nachricht Gedichte | Reihe Neue Lyrik Kulturstiftung des Freistaates Sachsen |poetenladen Moderation: Thomas B\u00f6hme Musik: Alba Szymanski und Olga Jemeljanowa Der vor kurzem beim poetenladen Verlag erschienene [&hellip;]<\/p>\n","protected":false},"author":3,"featured_media":0,"comment_status":"closed","ping_status":"closed","sticky":false,"template":"","format":"standard","meta":{"footnotes":""},"categories":[6],"tags":[586,585,412,196,146,176,21,59,487,584,82],"class_list":["post-3365","post","type-post","status-publish","format-standard","hentry","category-lesungen","tag-alba-szymanski","tag-aller-feindschaft","tag-buchpremiere","tag-gedichte","tag-leipzig","tag-lesung","tag-lyrik","tag-poetenladen","tag-roland-erb","tag-stadtbibliothek","tag-thomas-bohme"],"_links":{"self":[{"href":"https:\/\/www.poetenladen-der-verlag.de\/wordpress\/wp-json\/wp\/v2\/posts\/3365","targetHints":{"allow":["GET"]}}],"collection":[{"href":"https:\/\/www.poetenladen-der-verlag.de\/wordpress\/wp-json\/wp\/v2\/posts"}],"about":[{"href":"https:\/\/www.poetenladen-der-verlag.de\/wordpress\/wp-json\/wp\/v2\/types\/post"}],"author":[{"embeddable":true,"href":"https:\/\/www.poetenladen-der-verlag.de\/wordpress\/wp-json\/wp\/v2\/users\/3"}],"replies":[{"embeddable":true,"href":"https:\/\/www.poetenladen-der-verlag.de\/wordpress\/wp-json\/wp\/v2\/comments?post=3365"}],"version-history":[{"count":15,"href":"https:\/\/www.poetenladen-der-verlag.de\/wordpress\/wp-json\/wp\/v2\/posts\/3365\/revisions"}],"predecessor-version":[{"id":3384,"href":"https:\/\/www.poetenladen-der-verlag.de\/wordpress\/wp-json\/wp\/v2\/posts\/3365\/revisions\/3384"}],"wp:attachment":[{"href":"https:\/\/www.poetenladen-der-verlag.de\/wordpress\/wp-json\/wp\/v2\/media?parent=3365"}],"wp:term":[{"taxonomy":"category","embeddable":true,"href":"https:\/\/www.poetenladen-der-verlag.de\/wordpress\/wp-json\/wp\/v2\/categories?post=3365"},{"taxonomy":"post_tag","embeddable":true,"href":"https:\/\/www.poetenladen-der-verlag.de\/wordpress\/wp-json\/wp\/v2\/tags?post=3365"}],"curies":[{"name":"wp","href":"https:\/\/api.w.org\/{rel}","templated":true}]}}