{"id":3307,"date":"2015-03-06T00:56:44","date_gmt":"2015-03-05T23:56:44","guid":{"rendered":"http:\/\/www.poetenladen-der-verlag.de\/wordpress\/?p=3307"},"modified":"2020-08-10T19:46:07","modified_gmt":"2020-08-10T17:46:07","slug":"die-besten-geschichten-preistraeger-und-finalisten","status":"publish","type":"post","link":"https:\/\/www.poetenladen-der-verlag.de\/wordpress\/die-besten-geschichten-preistraeger-und-finalisten\/","title":{"rendered":"Die besten Geschichten \u2013 Preistr\u00e4ger und Finalisten"},"content":{"rendered":"<div class=\"label\"><\/div>\n<div class=\"text\"><strong>theater.FACT<\/strong> in Barthels Hof, Hainstr. 1, 04109, Leipzig (Zentrum)<\/div>\n<p>Freitag, 13.03.2015 | 20 Uhr<strong><br \/>\n<\/strong><\/p>\n<div class=\"text\">\n<ul class=\"list-to-select\">\n<li>Sarah Ablett<\/li>\n<li>Stephan Ferdinand Etgeton<\/li>\n<li>Alexandra Gr\u00fcttner-Wilke<\/li>\n<li>Lorenz Just<\/li>\n<li>Kathrin Schmidt<\/li>\n<\/ul>\n<\/div>\n<p><img loading=\"lazy\" decoding=\"async\" class=\"alignnone\" src=\"https:\/\/www.poetenladen.de\/buchtitel\/buchmesse_ohneDatum_2012-150.jpg\" alt=\"\" width=\"150\" height=\"73\" \/><\/p>\n<div class=\"label\"><\/div>\n<div class=\"text\">\n<div class=\"detail-content clearfix\">\n<div class=\"columns\">\n<div class=\"label\"><\/div>\n<div class=\"text\"><b>Die 19. Anthologie mit den 25 besten Geschichten \u2013 es lesen der Preistr\u00e4ger und vier weitere Finalisten. EIne Veranstaltung von MDR Figaro in Kooperation mit dem poetenladen.<br \/>\n<\/b><\/div>\n<\/div>\n<\/div>\n<p>.<\/p>\n<\/div>\n<div class=\"text\"><\/div>\n<div class=\"text\"><a href=\"http:\/\/www.poetenladen-der-verlag.de\/wordpress\/wp-content\/uploads\/2015\/03\/3-d-cover-001-beschnitten.jpg\"><img loading=\"lazy\" decoding=\"async\" class=\"alignnone size-medium wp-image-3309\" src=\"https:\/\/www.poetenladen-der-verlag.de\/wordpress\/wp-content\/uploads\/2015\/03\/3-d-cover-001-beschnitten-185x300.jpg\" alt=\"3-d-cover-001-beschnitten\" width=\"185\" height=\"300\" srcset=\"https:\/\/www.poetenladen-der-verlag.de\/wordpress\/wp-content\/uploads\/2015\/03\/3-d-cover-001-beschnitten-185x300.jpg 185w, https:\/\/www.poetenladen-der-verlag.de\/wordpress\/wp-content\/uploads\/2015\/03\/3-d-cover-001-beschnitten.jpg 347w\" sizes=\"auto, (max-width: 185px) 100vw, 185px\" \/><\/a><\/div>\n<h2 class=\"ctElement\">Sarah J. Ablett<\/h2>\n<div class=\"ctElement paragraph\">\n<div class=\"image right\">\n<p>Sarah J. Ablett<\/p>\n<\/div>\n<p>Geboren 1983 in Osterholz-Scharmbeck. Studium der Philosophie und Englischer Literaturwissenschaft in Hamburg, Manchester und Heidelberg.<\/p>\n<p>Zur Zeit M.A. Literarisches Schreiben an der Universit\u00e4t Hildesheim und Promotionsprojekt zu den Werken Sarah Kanes an der Technischen Universit\u00e4t Braunschweig.<\/p>\n<h2 class=\"ctElement\">Stefan Ferdinand Etgeton (MDR-Literaturpreistr\u00e4ger 2014)<\/h2>\n<div class=\"ctElement paragraph\">\n<div class=\"image left\">\n<p>Stefan Ferdinand Etgeton<\/p>\n<\/div>\n<p>ist der j\u00fcngste Teilnehmer in diesem Jahr. 1988 geboren im westf\u00e4lischen Bergbaust\u00e4dtchen Mettingen, lebt er heute in Berlin. Studium der Volkswirtschaftslehre, Soziologie und Niederlandistik in K\u00f6ln, Warschau, Utrecht und Berlin.<\/p>\n<p>Beim Wettbewerb f\u00fcr junge Literatur &#8222;poet\/bewegt&#8220; 2013 erhielt er den Preis der Jury in der Kategorie Prosa, beim Evangelischen Literaturpreis 2013 den 1. Preis.<\/p>\n<h2 class=\"ctElement\">Alexandra Gr\u00fcttner-Wilke<\/h2>\n<div class=\"ctElement paragraph\">\n<div class=\"image right\">\n<p>Alexandra Gr\u00fcttner-Wilke<\/p>\n<\/div>\n<p>geboren 1983 in Plauen, lebt sie zurzeit in Dresden. Studium Germanistik\/Literaturwissenschaft, Philosophie und Erziehungswissenschaft an der Technischen Universit\u00e4t Dresden.<\/p>\n<p>2009\/2010 Lehrerin an Berufsschule und seit 2011 Mitarbeit in Arbeitsgemeinschaft Religionsphilosophie Dresden.<\/p>\n<p>Ver\u00f6ffentlichung Magisterarbeit &#8222;Autorenbild, Autorenbildung, Autorenausbildung. Zur Situation der Autorenausbildung&#8220; im Bautz-Verlag Nordhausen. Au\u00dferdem Literarische Ver\u00f6ffentlichungen in diversen Anthologien.<\/p>\n<h2 class=\"ctElement\">Lorenz Just<\/h2>\n<div class=\"ctElement paragraph\">\n<div class=\"image right\">\n<p>Lorenz Just<\/p>\n<\/div>\n<p>geboren 1983, lebt er zurzeit in Leipzig. Er schreibt Prosa und Dramatik und studierte bis 2011 Arabistik in Halle (Saale) und in Kairo. 2011 ver\u00f6ffentlichte er an der Universit\u00e4t Bonn eine Studie \u00fcber ein Geschichtswerk aus dem 14. Jahrhundert, das im damals von den Mongolen beherrschten Iran verfasst wurde.<\/p>\n<p>2011 nahm Lorenz Just sein Studium am Deutschen Literaturinstitut in Leipzig auf. Seine j\u00fcngsten Ver\u00f6ffentlichungen erschienen 2014 in &#8222;Tippgemeinschaft&#8220; &#8211; der j\u00e4hrlich erscheinenden Anthologie der Studierenden des Deutschen Literaturinstituts.<\/p>\n<h2 class=\"ctElement\">Kathrin Schmidt<\/h2>\n<div class=\"ctElement paragraph last\">\n<div class=\"image left\">\n<p>Kathrin Schmidt<\/p>\n<\/div>\n<p>geboren 1958 in Gotha, lebt in Berlin. Arbeitete als Diplompsychologin, Redakteurin und Sozialwissenschaftlerin. Zahlreiche Preise, darunter f\u00fcr Lyrik den Leonce- und Lena-Preis 1993. Das Deb\u00fct-Roman &#8222;Die Gunnar-Lennefsen-Expedition wurde 1998 mit dem F\u00f6rderpreis des Heimito-von-Doderer-Preises und dem Preis des Landes K\u00e4rnten beim Ingeborg-Bachmann-Wettbewerb ausgezeichnet.<\/p>\n<p>Der Roman &#8222;Du stirbst nicht&#8220; erhielt 2009 den Preis der SWR-Bestenliste und den Deutschen Buchpreis. 2010 erschien &#8222;Blinde Bienen. Gedichte.&#8220;<\/p>\n<\/div>\n<\/div>\n<\/div>\n<\/div>\n<\/div>\n","protected":false},"excerpt":{"rendered":"<p>theater.FACT in Barthels Hof, Hainstr. 1, 04109, Leipzig (Zentrum) Freitag, 13.03.2015 | 20 Uhr Sarah Ablett Stephan Ferdinand Etgeton Alexandra Gr\u00fcttner-Wilke Lorenz Just Kathrin Schmidt Die 19. Anthologie mit den 25 besten Geschichten \u2013 es lesen der Preistr\u00e4ger und vier weitere Finalisten. EIne Veranstaltung von MDR Figaro in Kooperation mit dem poetenladen. . Sarah J. [&hellip;]<\/p>\n","protected":false},"author":3,"featured_media":0,"comment_status":"closed","ping_status":"closed","sticky":false,"template":"","format":"standard","meta":{"footnotes":""},"categories":[536,6,64],"tags":[454,129,567,60,568,457,566,565,564],"class_list":["post-3307","post","type-post","status-publish","format-standard","hentry","category-buchmesse-leipzig-2015","category-lesungen","category-poetische-news","tag-alexandra-gruettner-wilke","tag-buchmesse","tag-die-taubenjaegerin","tag-kathrin-schmidt","tag-kurgeschichten","tag-lorenz-just","tag-mdr-wettbewerb","tag-sarah-ablett","tag-stephan-ferdinand-etgeton"],"_links":{"self":[{"href":"https:\/\/www.poetenladen-der-verlag.de\/wordpress\/wp-json\/wp\/v2\/posts\/3307","targetHints":{"allow":["GET"]}}],"collection":[{"href":"https:\/\/www.poetenladen-der-verlag.de\/wordpress\/wp-json\/wp\/v2\/posts"}],"about":[{"href":"https:\/\/www.poetenladen-der-verlag.de\/wordpress\/wp-json\/wp\/v2\/types\/post"}],"author":[{"embeddable":true,"href":"https:\/\/www.poetenladen-der-verlag.de\/wordpress\/wp-json\/wp\/v2\/users\/3"}],"replies":[{"embeddable":true,"href":"https:\/\/www.poetenladen-der-verlag.de\/wordpress\/wp-json\/wp\/v2\/comments?post=3307"}],"version-history":[{"count":6,"href":"https:\/\/www.poetenladen-der-verlag.de\/wordpress\/wp-json\/wp\/v2\/posts\/3307\/revisions"}],"predecessor-version":[{"id":4749,"href":"https:\/\/www.poetenladen-der-verlag.de\/wordpress\/wp-json\/wp\/v2\/posts\/3307\/revisions\/4749"}],"wp:attachment":[{"href":"https:\/\/www.poetenladen-der-verlag.de\/wordpress\/wp-json\/wp\/v2\/media?parent=3307"}],"wp:term":[{"taxonomy":"category","embeddable":true,"href":"https:\/\/www.poetenladen-der-verlag.de\/wordpress\/wp-json\/wp\/v2\/categories?post=3307"},{"taxonomy":"post_tag","embeddable":true,"href":"https:\/\/www.poetenladen-der-verlag.de\/wordpress\/wp-json\/wp\/v2\/tags?post=3307"}],"curies":[{"name":"wp","href":"https:\/\/api.w.org\/{rel}","templated":true}]}}