{"id":3185,"date":"2014-12-08T10:32:55","date_gmt":"2014-12-08T09:32:55","guid":{"rendered":"http:\/\/www.poetenladen-der-verlag.de\/wordpress\/?p=3185"},"modified":"2014-12-08T10:41:13","modified_gmt":"2014-12-08T09:41:13","slug":"jean-krier-soiree","status":"publish","type":"post","link":"https:\/\/www.poetenladen-der-verlag.de\/wordpress\/jean-krier-soiree\/","title":{"rendered":"Jean Krier &#8211; Soir\u00e9e"},"content":{"rendered":"<p><em>Lesung mit Michael Braun, Bettina Schulte (Mod.), Andreas Heidtmann in Freiburg<\/em><br \/>\n<em>Dienstag 16.12,2014, Literaturb\u00fcro, Alter Wiehrebahnhof<br \/>\n<\/em><br \/>\nDer luxemburgische Dichter Jean Krier starb im Januar 2013. &#8222;Eingriff, sternklar&#8220; versammelt Gedichte aus seinem Nachlass, &#8222;in denen der Ton H\u00f6lderlins nachhallt und mit ihm die Bewegung der alk\u00e4ischen Odenstrophe, vermischt mit den Melancholien eines Bewusstseins, das die N\u00e4he des Todes sp\u00fcrt&#8220;, schreibt der Literaturkritiker und Herausgeber des Bandes <b>Michael Braun<\/b>. Zusammen mit dem Verleger <b>Andreas Heidtmann<\/b> und <b>Bettina Schulte<\/b>, Redakteurin der Badischen Zeitung, stellt er Texte einer der wichtigsten Stimmen der Gegenwartslyrik im deutschen Sprachraum vor.<\/p>\n<p class=\"bodytext\"><a href=\"http:\/\/www.poetenladen-der-verlag.de\/wordpress\/wp-content\/uploads\/2014\/12\/100beststernklar-300.jpg\"><img loading=\"lazy\" decoding=\"async\" class=\"alignleft  wp-image-3186\" src=\"https:\/\/www.poetenladen-der-verlag.de\/wordpress\/wp-content\/uploads\/2014\/12\/100beststernklar-300.jpg\" alt=\"100beststernklar-300\" width=\"211\" height=\"382\" \/><\/a><b>Jean Krier<\/b>, 1949 in Luxemburg geboren, 2013 verstorben, studierte Germanistik und Anglistik in Freiburg im Breisgau. F\u00fcr seinen Band &#8222;Herzen Lust Spiele&#8220; erhielt er 2011 den Adelbert-von-Chamisso-Preis und wurde mit dem Prix Servais ausgezeichnet.<\/p>\n<p class=\"bodytext\">Veranstalter: Literaturb\u00fcro Freiburg<\/p>\n<p class=\"bodytext\"><b>Di 16.12., 20 Uhr | Alter Wiehrebahnhof |<br \/>\nGalerie | Eintritt: 7\/5 Euro<\/b><\/p>\n<p>&nbsp;<\/p>\n<p>&#8222;Als der luxemburgische Dichter Jean Krier im Januar 2013 verstarb, hinterliess er ein vorbereitetes Manuskript mit Gedichten. Aus diesem Material hat der Literaturkritiker Michael Braun einen Band arrangiert und einf\u00fchlsam kommentiert. Schon im ersten Gedicht wird deutlich, dass Krier auf die Leitern des hohen Tons klettert. Betitelt ist es mit dem H\u00f6lderlin-Vers: \u00abVieles aber ist, zu behalten.\u00bb Dies ist gleichsam ein Wagnis und ein Befreiungsakt: Durch die Strophen der Ode wandelt der Dichter mit Ernst und Gel\u00e4chter, mit dem Mut der Verzweiflung und immer nah am eigenen Ende.&#8220;<br \/>\nNeue Z\u00fcrcher Zeitung<\/p>\n<p class=\"bodytext\"><a href=\"http:\/\/www.poetenladen-der-verlag.de\/wordpress\/wp-content\/uploads\/2014\/12\/250.jpg\"><img loading=\"lazy\" decoding=\"async\" class=\"alignleft wp-image-3187\" src=\"https:\/\/www.poetenladen-der-verlag.de\/wordpress\/wp-content\/uploads\/2014\/12\/250.jpg\" alt=\"250\" width=\"141\" height=\"203\" \/><\/a><\/p>\n<p class=\"bodytext\">\n","protected":false},"excerpt":{"rendered":"<p>Lesung mit Michael Braun, Bettina Schulte (Mod.), Andreas Heidtmann in Freiburg Dienstag 16.12,2014, Literaturb\u00fcro, Alter Wiehrebahnhof Der luxemburgische Dichter Jean Krier starb im Januar 2013. &#8222;Eingriff, sternklar&#8220; versammelt Gedichte aus seinem Nachlass, &#8222;in denen der Ton H\u00f6lderlins nachhallt und mit ihm die Bewegung der alk\u00e4ischen Odenstrophe, vermischt mit den Melancholien eines Bewusstseins, das die N\u00e4he [&hellip;]<\/p>\n","protected":false},"author":1,"featured_media":0,"comment_status":"closed","ping_status":"closed","sticky":false,"template":"","format":"standard","meta":{"footnotes":""},"categories":[1,6],"tags":[22,519,524,523,13,176,520,168,21,80,59,522,521],"class_list":["post-3185","post","type-post","status-publish","format-standard","hentry","category-ausschreibungen","category-lesungen","tag-andreas-heidtmann","tag-bettina-schulte","tag-chamissopreis","tag-eingriff","tag-jean-krier","tag-lesung","tag-literaturbuero-freiburg","tag-luxemburg","tag-lyrik","tag-michael-braun","tag-poetenladen","tag-soiree","tag-sternklar"],"_links":{"self":[{"href":"https:\/\/www.poetenladen-der-verlag.de\/wordpress\/wp-json\/wp\/v2\/posts\/3185","targetHints":{"allow":["GET"]}}],"collection":[{"href":"https:\/\/www.poetenladen-der-verlag.de\/wordpress\/wp-json\/wp\/v2\/posts"}],"about":[{"href":"https:\/\/www.poetenladen-der-verlag.de\/wordpress\/wp-json\/wp\/v2\/types\/post"}],"author":[{"embeddable":true,"href":"https:\/\/www.poetenladen-der-verlag.de\/wordpress\/wp-json\/wp\/v2\/users\/1"}],"replies":[{"embeddable":true,"href":"https:\/\/www.poetenladen-der-verlag.de\/wordpress\/wp-json\/wp\/v2\/comments?post=3185"}],"version-history":[{"count":19,"href":"https:\/\/www.poetenladen-der-verlag.de\/wordpress\/wp-json\/wp\/v2\/posts\/3185\/revisions"}],"predecessor-version":[{"id":3206,"href":"https:\/\/www.poetenladen-der-verlag.de\/wordpress\/wp-json\/wp\/v2\/posts\/3185\/revisions\/3206"}],"wp:attachment":[{"href":"https:\/\/www.poetenladen-der-verlag.de\/wordpress\/wp-json\/wp\/v2\/media?parent=3185"}],"wp:term":[{"taxonomy":"category","embeddable":true,"href":"https:\/\/www.poetenladen-der-verlag.de\/wordpress\/wp-json\/wp\/v2\/categories?post=3185"},{"taxonomy":"post_tag","embeddable":true,"href":"https:\/\/www.poetenladen-der-verlag.de\/wordpress\/wp-json\/wp\/v2\/tags?post=3185"}],"curies":[{"name":"wp","href":"https:\/\/api.w.org\/{rel}","templated":true}]}}