{"id":2929,"date":"2014-03-04T15:27:28","date_gmt":"2014-03-04T14:27:28","guid":{"rendered":"http:\/\/www.poetenladen-der-verlag.de\/wordpress\/?p=2929"},"modified":"2014-03-04T15:33:03","modified_gmt":"2014-03-04T14:33:03","slug":"buchpremiere-andreas-altmann-die-lichten-lieder","status":"publish","type":"post","link":"https:\/\/www.poetenladen-der-verlag.de\/wordpress\/buchpremiere-andreas-altmann-die-lichten-lieder\/","title":{"rendered":"Buchpremiere: Andreas Altmann  &#8211; Die lichten Lieder"},"content":{"rendered":"<h4>Die lichten Lieder der B\u00e4ume liegen im Gras und scheinen nur so<\/h4>\n<p><strong>Freitag 07. M\u00e4rz 2014, 20 Uhr<br \/>\nGellert-Museum Hainichen<\/strong><br \/>\nOederaner Stra\u00dfe 10 \u2022 09661 Hainichen<\/p>\n<p>&nbsp;<\/p>\n<div style=\"width: 206px\" class=\"wp-caption alignnone\"><a href=\"http:\/\/www.poetenladen-der-verlag.de\/\"><img loading=\"lazy\" decoding=\"async\" class=\" \" alt=\"\" src=\"https:\/\/www.poetenladen-der-verlag.de\/bilder\/altmann-lichte\/3d-andreas-altmann-280.jpg\" width=\"196\" height=\"288\" \/><\/a><p class=\"wp-caption-text\">Andreas Altmann<br \/>Die lichten Lieder | Gedichte<br \/>poetenladen Verlag 2014<\/p><\/div>\n<p><strong>Der Perlentaucher schrieb zum neuen Band:<\/strong><br \/>\n\u00bbJedes Wort in Altmanns Gedichten ist einfach und verst\u00e4ndlich, und dennoch treiben die Worte immer heraus aus dem Konkreten, dem sie entstammen. Sie kommen in andere Gebiete abhanden. Wie leicht ihm das alles scheinbar f\u00e4llt! Die Bilder, von hoher Intensit\u00e4t, schweben. Willk\u00fcrlich. Willkommen. Und doch b\u00fcndelt jedes Gedicht in gro\u00dfer Strenge eine einzige Geschichte.\u00ab<\/p>\n<p><a href=\"http:\/\/www.poetenladen-der-verlag.de\/autoren-andreas-altmann.php\" target=\"_blank\" style=\"color:#000\"><strong>Andreas Altmann<\/strong>,<\/a> geboren 1963 in Hainichen (Sachsen), absolvierte ein sozial\u00adp\u00e4dago\u00adgisches Studium und lebt heute in Berlin. Er erhielt unter anderem den Wolfgang-Weyrauch-F\u00f6rderpreis, den Christine-Lavant-Lyrikpreis, den Erwin-Stritt\u00admatter-Preis, die Ehren\u00adgabe der Schiller\u00adstiftung sowie den Literaturpreis 2012 des SMWK. <\/p>\n<p>&#8212;&#8212;&#8212;&#8212;&#8212;&#8212;&#8212;&#8212;&#8211;<\/p>\n<p>Zur Premiere spricht Matthias Zwarg. Nach der Lesung von Andreas Altmann Er\u00f6ffnung Projektausstellung anl\u00e4sslich der Buchpremiere mit Radierungen zu Gedichten von Andreas Altmann von Sch\u00fclerinnen und Sch\u00fclern des Martin-Luther-Gymnasiums Frankenberg unter Leitung von Barbara Dietrich.<br \/>\nEintritt 6 Euro\/4 Euro<\/p>\n<p>&#8212;&#8212;&#8212;&#8212;&#8212;&#8212;&#8212;&#8212;&#8211;<\/p>\n","protected":false},"excerpt":{"rendered":"<p>Die lichten Lieder der B\u00e4ume liegen im Gras und scheinen nur so Freitag 07. M\u00e4rz 2014, 20 Uhr Gellert-Museum Hainichen Oederaner Stra\u00dfe 10 \u2022 09661 Hainichen &nbsp; Der Perlentaucher schrieb zum neuen Band: \u00bbJedes Wort in Altmanns Gedichten ist einfach und verst\u00e4ndlich, und dennoch treiben die Worte immer heraus aus dem Konkreten, dem sie entstammen. [&hellip;]<\/p>\n","protected":false},"author":1,"featured_media":0,"comment_status":"closed","ping_status":"closed","sticky":false,"template":"","format":"standard","meta":{"footnotes":""},"categories":[6],"tags":[18,412,410,413,196,411,287,21,252,59],"class_list":["post-2929","post","type-post","status-publish","format-standard","hentry","category-lesungen","tag-andreas-altmann","tag-buchpremiere","tag-die-lichten-lieder","tag-die-lichten-lieder-der-baeume-liegen-im-gras-und-scheinen-nur-so","tag-gedichte","tag-gellert-museum","tag-hainichen","tag-lyrik","tag-matthias-zwarg","tag-poetenladen"],"_links":{"self":[{"href":"https:\/\/www.poetenladen-der-verlag.de\/wordpress\/wp-json\/wp\/v2\/posts\/2929","targetHints":{"allow":["GET"]}}],"collection":[{"href":"https:\/\/www.poetenladen-der-verlag.de\/wordpress\/wp-json\/wp\/v2\/posts"}],"about":[{"href":"https:\/\/www.poetenladen-der-verlag.de\/wordpress\/wp-json\/wp\/v2\/types\/post"}],"author":[{"embeddable":true,"href":"https:\/\/www.poetenladen-der-verlag.de\/wordpress\/wp-json\/wp\/v2\/users\/1"}],"replies":[{"embeddable":true,"href":"https:\/\/www.poetenladen-der-verlag.de\/wordpress\/wp-json\/wp\/v2\/comments?post=2929"}],"version-history":[{"count":16,"href":"https:\/\/www.poetenladen-der-verlag.de\/wordpress\/wp-json\/wp\/v2\/posts\/2929\/revisions"}],"predecessor-version":[{"id":2945,"href":"https:\/\/www.poetenladen-der-verlag.de\/wordpress\/wp-json\/wp\/v2\/posts\/2929\/revisions\/2945"}],"wp:attachment":[{"href":"https:\/\/www.poetenladen-der-verlag.de\/wordpress\/wp-json\/wp\/v2\/media?parent=2929"}],"wp:term":[{"taxonomy":"category","embeddable":true,"href":"https:\/\/www.poetenladen-der-verlag.de\/wordpress\/wp-json\/wp\/v2\/categories?post=2929"},{"taxonomy":"post_tag","embeddable":true,"href":"https:\/\/www.poetenladen-der-verlag.de\/wordpress\/wp-json\/wp\/v2\/tags?post=2929"}],"curies":[{"name":"wp","href":"https:\/\/api.w.org\/{rel}","templated":true}]}}