{"id":2807,"date":"2013-10-27T17:50:23","date_gmt":"2013-10-27T16:50:23","guid":{"rendered":"http:\/\/www.poetenladen-der-verlag.de\/wordpress\/?p=2807"},"modified":"2013-10-27T17:52:23","modified_gmt":"2013-10-27T16:52:23","slug":"peggy-neidel-und-jan-skudlarek-in-der-lettretage","status":"publish","type":"post","link":"https:\/\/www.poetenladen-der-verlag.de\/wordpress\/peggy-neidel-und-jan-skudlarek-in-der-lettretage\/","title":{"rendered":"Peggy Neidel und Jan Skudlarek in der Lettr\u00e9tage"},"content":{"rendered":"<p>Freitag, 1. November 2013, 20:00 Uhr, Eintritt 5\/4 Euro<\/p>\n<p><span style=\"font-family: Arial,Helvetica,Verdana; font-size: small;\">ORT: Lettr\u00e9tage e.V.<br \/>\nMehringdamm 61<br \/>\n10961 Berlin<\/span><\/p>\n<p><strong>Elektrosmog, weiss<\/strong><br \/>\nBuchvorstellung <strong>Jan Skudlarek<\/strong>  (elektrosmog) und <strong>Peggy Neidel<\/strong> (wei\u00df).<\/p>\n<p>Anschlie\u00dfend: Party!<\/p>\n<p>Peggy Neidel, geboren in Zwickau, studierte Germanistik und Neuere Geschichte in D\u00fcsseldorf. Sie ist Mitbegr\u00fcnderin des Literaturclub D\u00fcsseldorf und arbeitet als freie Journalistin und Kritikerin unter anderem f\u00fcr den Freitag und die taz. Zuletzt erhielt sie das Arbeitsstipendium des Landes Nordrhein-Westfalen und ver\u00f6ffentlichte Lyrik in Zeitungen und Literaturmagazinen. Ihr Deb\u00fct &#8222;wei\u00df&#8220; erschien in der Reihe Neue Lyrik (Kulturstiftung des Freistaates Sachsen) im poetenladen Verlag (Herbst 2013)..<\/p>\n<p><a href=\"http:\/\/www.poetenladen-der-verlag.de\/wordpress\/wp-content\/uploads\/2013\/10\/peggy-neidel-foto-200.jpg\"><img loading=\"lazy\" decoding=\"async\" class=\"alignleft size-full wp-image-2811\" alt=\"peggy-neidel-foto-200\" src=\"https:\/\/www.poetenladen-der-verlag.de\/wordpress\/wp-content\/uploads\/2013\/10\/peggy-neidel-foto-200.jpg\" width=\"200\" height=\"133\" \/><\/a><br \/>\n<br clear=\"all\" \/><br \/>\nJan Skudlarek, 1986 in Hamm geboren, wuchs in NRW und Spanien auf, lebt in Berlin. Literarische T\u00e4tigkeit seit 2007. Preistr\u00e4ger des Literaturf\u00f6rderpreises 2008 der Gesellschaft zur F\u00f6rderung der Westf\u00e4lischen Kulturarbeit (GWK). Seit 2008 Ver\u00f6ffentlichung einzelner Gedichte und Gedichtgruppen in Literaturzeitschriften und Anthologien. Sein Deb\u00fct &#8222;elektrosmog&#8220;\u00a0 erscheint bei luxbooks (Herbst 2013).<br \/>\n<a href=\"http:\/\/www.poetenladen-der-verlag.de\/wordpress\/wp-content\/uploads\/2013\/10\/jan-skudlarek-pressefoto-eva-skudlarek-200.jpg\"><img loading=\"lazy\" decoding=\"async\" class=\"alignleft size-full wp-image-2815\" alt=\"jan-skudlarek-pressefoto-eva-skudlarek-200\" src=\"https:\/\/www.poetenladen-der-verlag.de\/wordpress\/wp-content\/uploads\/2013\/10\/jan-skudlarek-pressefoto-eva-skudlarek-200.jpg\" width=\"200\" height=\"149\" \/><\/a><br \/>\n<br \/>\n<br clear=\"all\"><\/p>\n","protected":false},"excerpt":{"rendered":"<p>Freitag, 1. November 2013, 20:00 Uhr, Eintritt 5\/4 Euro ORT: Lettr\u00e9tage e.V. Mehringdamm 61 10961 Berlin Elektrosmog, weiss Buchvorstellung Jan Skudlarek (elektrosmog) und Peggy Neidel (wei\u00df). Anschlie\u00dfend: Party! Peggy Neidel, geboren in Zwickau, studierte Germanistik und Neuere Geschichte in D\u00fcsseldorf. Sie ist Mitbegr\u00fcnderin des Literaturclub D\u00fcsseldorf und arbeitet als freie Journalistin und Kritikerin unter anderem [&hellip;]<\/p>\n","protected":false},"author":1,"featured_media":0,"comment_status":"closed","ping_status":"closed","sticky":false,"template":"","format":"standard","meta":{"footnotes":""},"categories":[6],"tags":[395,393,25,134,376,59,394],"class_list":["post-2807","post","type-post","status-publish","format-standard","hentry","category-lesungen","tag-elektrosmog","tag-jan-skudlarek","tag-lettretage","tag-luxbooks","tag-peggy-neidel","tag-poetenladen","tag-weiss"],"_links":{"self":[{"href":"https:\/\/www.poetenladen-der-verlag.de\/wordpress\/wp-json\/wp\/v2\/posts\/2807","targetHints":{"allow":["GET"]}}],"collection":[{"href":"https:\/\/www.poetenladen-der-verlag.de\/wordpress\/wp-json\/wp\/v2\/posts"}],"about":[{"href":"https:\/\/www.poetenladen-der-verlag.de\/wordpress\/wp-json\/wp\/v2\/types\/post"}],"author":[{"embeddable":true,"href":"https:\/\/www.poetenladen-der-verlag.de\/wordpress\/wp-json\/wp\/v2\/users\/1"}],"replies":[{"embeddable":true,"href":"https:\/\/www.poetenladen-der-verlag.de\/wordpress\/wp-json\/wp\/v2\/comments?post=2807"}],"version-history":[{"count":0,"href":"https:\/\/www.poetenladen-der-verlag.de\/wordpress\/wp-json\/wp\/v2\/posts\/2807\/revisions"}],"wp:attachment":[{"href":"https:\/\/www.poetenladen-der-verlag.de\/wordpress\/wp-json\/wp\/v2\/media?parent=2807"}],"wp:term":[{"taxonomy":"category","embeddable":true,"href":"https:\/\/www.poetenladen-der-verlag.de\/wordpress\/wp-json\/wp\/v2\/categories?post=2807"},{"taxonomy":"post_tag","embeddable":true,"href":"https:\/\/www.poetenladen-der-verlag.de\/wordpress\/wp-json\/wp\/v2\/tags?post=2807"}],"curies":[{"name":"wp","href":"https:\/\/api.w.org\/{rel}","templated":true}]}}