{"id":257,"date":"2011-01-31T10:26:28","date_gmt":"2011-01-31T10:26:28","guid":{"rendered":"http:\/\/www.poetenladen-der-verlag.de\/wordpress\/?p=257"},"modified":"2012-07-12T09:55:46","modified_gmt":"2012-07-12T07:55:46","slug":"lesung-es-gibt-eine-andere-welt-in-dresden","status":"publish","type":"post","link":"https:\/\/www.poetenladen-der-verlag.de\/wordpress\/lesung-es-gibt-eine-andere-welt-in-dresden\/","title":{"rendered":"Lesung: ES GIBT EINE ANDERE WELT in Dresden"},"content":{"rendered":"<p><a href=\"http:\/\/www.poetenladen-der-verlag.de\/wordpress\/wp-content\/uploads\/2011\/01\/coversachsenanthologie3d-2501.jpg\"><img loading=\"lazy\" decoding=\"async\" class=\"alignleft size-thumbnail wp-image-258\" title=\"coversachsenanthologie3d-250\" src=\"https:\/\/www.poetenladen-der-verlag.de\/wordpress\/wp-content\/uploads\/2011\/01\/coversachsenanthologie3d-2501-150x150.jpg\" alt=\"\" width=\"150\" height=\"150\" \/><\/a><\/p>\n<p>Sachsen \u2013 ein Land der Dichter. Das ist immer wieder zu h\u00f6ren oder zu lesen. Mit der vorliegenden Anthologie haben die Herausgeber versucht, dieser begr\u00fcndeten Vermutung nachzugehen, doch ist diese Anthologie schwerlich als eine von \u201eHeimatdichtern\u201c zu apostrophieren. Das Werk bekennt sich zu seiner literarischen Verortung in Sachsen und zeigt zugleich ein \u00fcberregionales dichterisches Panorama auf.<\/p>\n<p>Buchpr\u00e4sentation und Lesung der Anthologie \u201cEs gibt eine andere Welt\u201d. Der Poetenladen in Zusammenarbeit mit der S\u00e4chsischen Akademie der K\u00fcnste. Es lesen und diskutieren Ulrike Almut Sandig, Kerstin Hensel, Richard Pietra\u00df, Peter Gosse und Axel Helbig.<\/p>\n<p>Moderiert wird der Abend von J\u00f6rg Bernig.<\/p>\n<p>Am <strong>14. Februar 2011<\/strong> um <strong>20:30 Uhr<\/strong> im <strong>Stadtmuseum Dresden <\/strong> (Wilsdruffer Strasse 2) <strong>Dresden<\/strong>.<\/p>\n<p>Informationen zum Buch <a href=\"http:\/\/www.poetenladen-der-verlag.de\/einzeltitel\/sachsen.htm\">hier<\/a>.<\/p>\n<div id=\"_mcePaste\" style=\"position: absolute; left: -10000px; top: 0px; width: 1px; height: 1px; overflow: hidden;\">Sachsen \u2013 ein Land der Dichter. Das ist immer wieder<br \/>\nzu h\u00f6ren oder zu lesen. Mit der vorliegenden Anthologie<br \/>\nhaben die Herausgeber versucht, dieser begr\u00fcndeten<br \/>\nVermutung nachzugehen, doch ist diese<br \/>\nAnthologie schwerlich als eine von \u201eHeimatdichtern\u201c<br \/>\nzu apostrophieren. Das Werk bekennt sich zu seiner<br \/>\nliterarischen Verortung in Sachsen und zeigt zugleich<br \/>\nein \u00fcberregionales dichterisches Panorama auf.<\/div>\n","protected":false},"excerpt":{"rendered":"<p>Sachsen \u2013 ein Land der Dichter. Das ist immer wieder zu h\u00f6ren oder zu lesen. Mit der vorliegenden Anthologie haben die Herausgeber versucht, dieser begr\u00fcndeten Vermutung nachzugehen, doch ist diese Anthologie schwerlich als eine von \u201eHeimatdichtern\u201c zu apostrophieren. Das Werk bekennt sich zu seiner literarischen Verortung in Sachsen und zeigt zugleich ein \u00fcberregionales dichterisches Panorama [&hellip;]<\/p>\n","protected":false},"author":7,"featured_media":0,"comment_status":"closed","ping_status":"closed","sticky":false,"template":"","format":"standard","meta":{"footnotes":""},"categories":[6],"tags":[],"class_list":["post-257","post","type-post","status-publish","format-standard","hentry","category-lesungen"],"_links":{"self":[{"href":"https:\/\/www.poetenladen-der-verlag.de\/wordpress\/wp-json\/wp\/v2\/posts\/257","targetHints":{"allow":["GET"]}}],"collection":[{"href":"https:\/\/www.poetenladen-der-verlag.de\/wordpress\/wp-json\/wp\/v2\/posts"}],"about":[{"href":"https:\/\/www.poetenladen-der-verlag.de\/wordpress\/wp-json\/wp\/v2\/types\/post"}],"author":[{"embeddable":true,"href":"https:\/\/www.poetenladen-der-verlag.de\/wordpress\/wp-json\/wp\/v2\/users\/7"}],"replies":[{"embeddable":true,"href":"https:\/\/www.poetenladen-der-verlag.de\/wordpress\/wp-json\/wp\/v2\/comments?post=257"}],"version-history":[{"count":0,"href":"https:\/\/www.poetenladen-der-verlag.de\/wordpress\/wp-json\/wp\/v2\/posts\/257\/revisions"}],"wp:attachment":[{"href":"https:\/\/www.poetenladen-der-verlag.de\/wordpress\/wp-json\/wp\/v2\/media?parent=257"}],"wp:term":[{"taxonomy":"category","embeddable":true,"href":"https:\/\/www.poetenladen-der-verlag.de\/wordpress\/wp-json\/wp\/v2\/categories?post=257"},{"taxonomy":"post_tag","embeddable":true,"href":"https:\/\/www.poetenladen-der-verlag.de\/wordpress\/wp-json\/wp\/v2\/tags?post=257"}],"curies":[{"name":"wp","href":"https:\/\/api.w.org\/{rel}","templated":true}]}}