{"id":2496,"date":"2013-03-03T10:39:59","date_gmt":"2013-03-03T09:39:59","guid":{"rendered":"http:\/\/www.poetenladen-der-verlag.de\/wordpress\/?p=2496"},"modified":"2020-07-19T18:49:57","modified_gmt":"2020-07-19T16:49:57","slug":"weltgefuhl-und-sprachschichtungen-ulrich-koch-und-martina-weber","status":"publish","type":"post","link":"https:\/\/www.poetenladen-der-verlag.de\/wordpress\/weltgefuhl-und-sprachschichtungen-ulrich-koch-und-martina-weber\/","title":{"rendered":"Weltgef\u00fchl und Sprachschichtungen: Ulrich Koch und Martina Weber"},"content":{"rendered":"<p>LEIPZIGER BUCHMESSE 2013<\/p>\n<p>Samstag, 16.03.2013 | 14:00 Uhr<br \/>\nLeseinsel Junge Verlage, Halle 5<\/p>\n<h3><span style=\"color: #3366ff;\"><em>Schichtungen der Sprache<\/em><br \/>\n<\/span><\/h3>\n<p>Der poetenladen stellt zwei Autoren und mit Ihre neusten Lyrikb\u00e4nden vor. Martina Weber mit \u201eerinnerungen an einen rohstoff\u201c und Ulrich Koch mit \u201eUhren zogen mich auf\u201c.<\/p>\n<p>Martina Weber, 1966 in Mann\u00adheim geboren, lebt in Frank\u00adfurt am Main. Sie ist vielen in der Lyrikszene seit langem bekannt und Tr\u00e4gerin des ersten Frankfurter Autorenstipendiums. Sie legt mit &#8222;erinnerungen an einen rohstoff&#8220; ihren ersten Gedichtband vor.<a href=\"http:\/\/www.poetenladen-der-verlag.de\/autoren-martina-weber.php\" target=\"_blank\" rel=\"noopener noreferrer\"> Mehr \u00fcber die Autorin &#8230;<\/a><\/p>\n<p>\u00bbDas Erregende an Martina Webers Lyrik ist zugleich das Performative: im Wortmaterial selbst zu erschaffen, wovon es nachtr\u00e4glich spricht. Das hei\u00dft: nicht der Gedanke formt das Gedicht, sondern das Gedicht formt den Gedanken.\u00ab Kurt Drawert<\/p>\n<h3><span style=\"color: #3366ff;\"><em>Melancholisches Weltgef\u00fchl<\/em><\/span><\/h3>\n<p>Ulrich Koch, 1966 geboren, t\u00e4tig in Hamburg, hat mehrere viel beachtete Gedichtb\u00e4nde ver\u00f6ffentlicht und erhielt zuletzt den Hugo-Ball-F\u00f6rderpreis. <a href=\"http:\/\/www.poetenladen-der-verlag.de\/autoren-ulrich-koch.htm\" target=\"_blank\" rel=\"noopener noreferrer\">Mehr \u00fcber den Autor &#8230;<\/a><\/p>\n<p>&#8222;Nun kehrt Ulrich Koch zur\u00fcck mit einem gro\u00dfartigen Gedichtbuch, in dem sich Hoffnung und Verzweiflung in einer prek\u00e4ren Balance befinden.&#8220;<br \/>\nNeue Z\u00fcrcher Zeitung<\/p>\n","protected":false},"excerpt":{"rendered":"<p>LEIPZIGER BUCHMESSE 2013 Samstag, 16.03.2013 | 14:00 Uhr Leseinsel Junge Verlage, Halle 5 Schichtungen der Sprache Der poetenladen stellt zwei Autoren und mit Ihre neusten Lyrikb\u00e4nden vor. Martina Weber mit \u201eerinnerungen an einen rohstoff\u201c und Ulrich Koch mit \u201eUhren zogen mich auf\u201c. Martina Weber, 1966 in Mann\u00adheim geboren, lebt in Frank\u00adfurt am Main. Sie ist [&hellip;]<\/p>\n","protected":false},"author":1,"featured_media":0,"comment_status":"closed","ping_status":"closed","sticky":false,"template":"","format":"standard","meta":{"footnotes":""},"categories":[316,6],"tags":[129,333,196,109,148,331,59,332,330],"class_list":["post-2496","post","type-post","status-publish","format-standard","hentry","category-buchmesse-leipzig-2013","category-lesungen","tag-buchmesse","tag-erinnerungen-an-einen-rohstoff","tag-gedichte","tag-heidtmann","tag-leseinsel","tag-martina-weber","tag-poetenladen","tag-uhren-zogen-mich-auf","tag-ulrich-koch"],"_links":{"self":[{"href":"https:\/\/www.poetenladen-der-verlag.de\/wordpress\/wp-json\/wp\/v2\/posts\/2496","targetHints":{"allow":["GET"]}}],"collection":[{"href":"https:\/\/www.poetenladen-der-verlag.de\/wordpress\/wp-json\/wp\/v2\/posts"}],"about":[{"href":"https:\/\/www.poetenladen-der-verlag.de\/wordpress\/wp-json\/wp\/v2\/types\/post"}],"author":[{"embeddable":true,"href":"https:\/\/www.poetenladen-der-verlag.de\/wordpress\/wp-json\/wp\/v2\/users\/1"}],"replies":[{"embeddable":true,"href":"https:\/\/www.poetenladen-der-verlag.de\/wordpress\/wp-json\/wp\/v2\/comments?post=2496"}],"version-history":[{"count":1,"href":"https:\/\/www.poetenladen-der-verlag.de\/wordpress\/wp-json\/wp\/v2\/posts\/2496\/revisions"}],"predecessor-version":[{"id":4708,"href":"https:\/\/www.poetenladen-der-verlag.de\/wordpress\/wp-json\/wp\/v2\/posts\/2496\/revisions\/4708"}],"wp:attachment":[{"href":"https:\/\/www.poetenladen-der-verlag.de\/wordpress\/wp-json\/wp\/v2\/media?parent=2496"}],"wp:term":[{"taxonomy":"category","embeddable":true,"href":"https:\/\/www.poetenladen-der-verlag.de\/wordpress\/wp-json\/wp\/v2\/categories?post=2496"},{"taxonomy":"post_tag","embeddable":true,"href":"https:\/\/www.poetenladen-der-verlag.de\/wordpress\/wp-json\/wp\/v2\/tags?post=2496"}],"curies":[{"name":"wp","href":"https:\/\/api.w.org\/{rel}","templated":true}]}}