{"id":2145,"date":"2012-08-30T00:37:25","date_gmt":"2012-08-29T22:37:25","guid":{"rendered":"http:\/\/www.poetenladen-der-verlag.de\/wordpress\/?p=2145"},"modified":"2012-08-30T10:43:14","modified_gmt":"2012-08-30T08:43:14","slug":"mikro-lesungen-mit-marie-t-martin","status":"publish","type":"post","link":"https:\/\/www.poetenladen-der-verlag.de\/wordpress\/mikro-lesungen-mit-marie-t-martin\/","title":{"rendered":"\u201eMikro-Lesungen\u201c mit Marie T. Martin"},"content":{"rendered":"<p>6.09.2012 um\u00a0 19.30 Uhr<\/p>\n<p>Showroom der Stadtbibliothek Stuttgart am Mail\u00e4nder Platz.<br \/>\n<strong><\/strong><\/p>\n<h3><span style=\"color: #ff9900;\">Mit Marie T. Martin: Wisperzimmer<strong><br \/>\n<\/strong><\/span><\/h3>\n<p>Die Stadtbibliothek hat ein neues innovatives Lesungsformat: Die Mikro-Lesung. \u201eMikro\u201c steht hier einerseits f\u00fcr \u201eMikrophon\u201c und andererseits f\u00fcr die Zahl der Zuschauer, die bei diesem Format maximal acht Personen umfasst, da die Lesungen aufgezeichnet werden. In der darauffolgenden Woche stehen sie als Videoinstallation auf den 16 gro\u00dfen Bildschirmen der <em>Galerie b<\/em> im Eingangsbereich der Stadtbibliothek einem gro\u00dfen Publikum zur Verf\u00fcgung.<\/p>\n<p>Wer zu den acht Zuschauern bei den Live-Lesungen geh\u00f6ren m\u00f6chte, sollte sich baldm\u00f6glichst einen Platz reservieren: Anmeldung telefonisch unter 0711 216-91100 oder 216-96527 oder per E-Mail unter <a href=\"mailto:karten.stadtbibliothek@stuttgart.de\">karten.stadtbibliothek@stuttgart.de<\/a>.<\/p>\n<p>Die Video-Installation der Mikro-Lesung mit Manuel Stallbaumer wird vom 3. bis 9. September in der Galerie b zusehen sein, die Lesung mit Marie T. Martin vom 10. bis 16. September.<\/p>\n<p>Beide Videoinstallationen werden auch bei der Stuttgarter Lyriknacht am Freitag, 7. September, von 19 bis 23 Uhr, gezeigt.<\/p>\n<p>Eine Veranstaltungsreihe im Rahmen des Literatursommers 2012 der Baden-W\u00fcrttemberg Stiftung<\/p>\n<p><img loading=\"lazy\" decoding=\"async\" class=\"alignleft\" style=\"margin-right: 15px;\" src=\"https:\/\/www.poetenladen.de\/pics\/marie-martin-ilker-gurer-220.jpg\" alt=\"\" width=\"132\" height=\"194\" \/><\/p>\n<p><a href=\"http:\/\/www.poetenladen.de\/marie-martin.htm\">Marie T. Martin<\/a>, geboren 1982 in Freiburg, lebt in K\u00f6ln. Studium am Deutschen Literaturinstitut Leipzig und Ausbildung zur Theaterp\u00e4dagogin . Zuletzt unter anderem: Luftpost (Erz\u00e4hlungen, poetenladen 2011) und Wisperzimmer (Gedichte, poetenladen 2012)<\/p>\n<p><a href=\"http:\/\/www1.stuttgart.de\/stadtbibliothek\/bvs\/actions\/profile\/view.php?id=45\" target=\"_blank\">Link zur Stadtbibliothek<\/a><\/p>\n","protected":false},"excerpt":{"rendered":"<p>6.09.2012 um\u00a0 19.30 Uhr Showroom der Stadtbibliothek Stuttgart am Mail\u00e4nder Platz. Mit Marie T. Martin: Wisperzimmer Die Stadtbibliothek hat ein neues innovatives Lesungsformat: Die Mikro-Lesung. \u201eMikro\u201c steht hier einerseits f\u00fcr \u201eMikrophon\u201c und andererseits f\u00fcr die Zahl der Zuschauer, die bei diesem Format maximal acht Personen umfasst, da die Lesungen aufgezeichnet werden. In der darauffolgenden Woche [&hellip;]<\/p>\n","protected":false},"author":1,"featured_media":0,"comment_status":"closed","ping_status":"closed","sticky":false,"template":"","format":"standard","meta":{"footnotes":""},"categories":[6],"tags":[16,260,261],"class_list":["post-2145","post","type-post","status-publish","format-standard","hentry","category-lesungen","tag-marie-t-martin","tag-mikro-lesungen","tag-stuttgart"],"_links":{"self":[{"href":"https:\/\/www.poetenladen-der-verlag.de\/wordpress\/wp-json\/wp\/v2\/posts\/2145","targetHints":{"allow":["GET"]}}],"collection":[{"href":"https:\/\/www.poetenladen-der-verlag.de\/wordpress\/wp-json\/wp\/v2\/posts"}],"about":[{"href":"https:\/\/www.poetenladen-der-verlag.de\/wordpress\/wp-json\/wp\/v2\/types\/post"}],"author":[{"embeddable":true,"href":"https:\/\/www.poetenladen-der-verlag.de\/wordpress\/wp-json\/wp\/v2\/users\/1"}],"replies":[{"embeddable":true,"href":"https:\/\/www.poetenladen-der-verlag.de\/wordpress\/wp-json\/wp\/v2\/comments?post=2145"}],"version-history":[{"count":0,"href":"https:\/\/www.poetenladen-der-verlag.de\/wordpress\/wp-json\/wp\/v2\/posts\/2145\/revisions"}],"wp:attachment":[{"href":"https:\/\/www.poetenladen-der-verlag.de\/wordpress\/wp-json\/wp\/v2\/media?parent=2145"}],"wp:term":[{"taxonomy":"category","embeddable":true,"href":"https:\/\/www.poetenladen-der-verlag.de\/wordpress\/wp-json\/wp\/v2\/categories?post=2145"},{"taxonomy":"post_tag","embeddable":true,"href":"https:\/\/www.poetenladen-der-verlag.de\/wordpress\/wp-json\/wp\/v2\/tags?post=2145"}],"curies":[{"name":"wp","href":"https:\/\/api.w.org\/{rel}","templated":true}]}}