{"id":1973,"date":"2011-05-10T12:17:22","date_gmt":"2011-05-10T10:17:22","guid":{"rendered":"http:\/\/www.poetenladen-der-verlag.de\/wordpress\/?p=1973"},"modified":"2012-07-03T22:20:49","modified_gmt":"2012-07-03T20:20:49","slug":"preis-der-autoren-fur-finn-ole-heinrich-und-spaceman-spiff","status":"publish","type":"post","link":"https:\/\/www.poetenladen-der-verlag.de\/wordpress\/preis-der-autoren-fur-finn-ole-heinrich-und-spaceman-spiff\/","title":{"rendered":"Preis der Autoren f\u00fcr Finn-Ole Heinrich und Spaceman Spiff"},"content":{"rendered":"<p><a href=\"http:\/\/www.poetenladen.de\/news\/414.html\" target=\"_blank\">Das Liedermacher-Autoren-Duo Finn-Ole Heinrich und Spaceman Spiff werden f\u00fcr ihr B\u00fchnenprogramm \u201eDu drehst den Kopf, ich dreh den Kopf\u201c ausgezeichnet. <\/a><br \/>\n<a href=\"http:\/\/www.poetenladen.de\/news\/414.html\" target=\"_blank\"> &#8211; News 414 &#8211; <\/a><\/p>\n<div id=\"attachment_1976\" style=\"width: 160px\" class=\"wp-caption alignleft\"><a href=\"http:\/\/www.poetenladen-der-verlag.de\/wordpress\/wp-content\/uploads\/2012\/05\/finn-ole_heinrich_2010_2-150.jpg\"><img loading=\"lazy\" decoding=\"async\" aria-describedby=\"caption-attachment-1976\" class=\"size-full wp-image-1976\" style=\"margin-left: 10px; margin-right: 10px;\" title=\"finn-ole_heinrich_2010_2-150\" src=\"https:\/\/www.poetenladen-der-verlag.de\/wordpress\/wp-content\/uploads\/2012\/05\/finn-ole_heinrich_2010_2-150.jpg\" alt=\"\" width=\"150\" height=\"201\" \/><\/a><p id=\"caption-attachment-1976\" class=\"wp-caption-text\">Fotograf: Dylan Thompson<\/p><\/div>\n<p>Der Preis, der f\u00fcr die \u201e\u00fcberzeugende Zusammenf\u00fchrung von Musik, Literatur und Per\u00adformance zu einer eigenen Kunst\u00adform \u201c verliehen wird, ist mit 5000 Euro dotiert und wird von der Autorenstiftung Frankfurt gestiftet. Seit 2007 vergibt die Autoren\u00adstiftung Frankfurt am Main allj\u00e4hrlich den Preis, eine Auszeichnung f\u00fcr \u201eheraus\u00adragende Werke der dar\u00adstel\u00adlenden K\u00fcnste, deren Einzig\u00adartigkeit darin besteht, dass es ein Preis von Autoren f\u00fcr Autoren ist\u201c.<\/p>\n<p>Die Erz\u00e4h\u00adlungen und Songs des Duos Heinrich-Spiff sind im mairisch Verlag erschienen. Bei ihren ersten Live-Auf\u00adtritten, so hei\u00dft es, schuf das Duo eine fast schon magische Atmosph\u00e4re, mit einfachen Songs und Texten, die unge\u00adw\u00f6hnlich nahe gehen und im richtigen Moment laut knallen. Fr\u00fchere Preistr\u00e4ger waren u.a. Annette Hess, Thomas Steinaecker und Paul Brodowsky<\/p>\n<p>Finn-Ole Heinrich: *1982, aufgewachsen in Cuxhaven, Filmstudium in Hannover. Jetzt lebt er in Hamburg.<\/p>\n<p>Spaceman Spiff: alias Hannes Wittmer, *1986, aufgewachsen in W\u00fcrzburg, lebt in Hamburg.<\/p>\n<p><a href=\"http:\/\/www.verlagderautoren.de\/index.php?id=29\" target=\"_blank\">Website: Autorenstiftung\u00a0\u00a0 <\/a><\/p>\n<hr noshade=\"noshade\" size=\"1\" style=\"width:200px\" \/ >\n<p>Ein ausf\u00fchrliches Interview mit Spaceman Spiff (Hannes Wittmer), gef\u00fchrt von Katharina Bendixen, ist im akutellen<a href=\"https:\/\/www.poet-magazin.de\/poet12.htm\" target=\"_blank\"> poet 12\u00a0\u00a0<\/a> nachzulesen.<\/p>\n<div><strong><a href=\"http:\/\/www.poetenladen-der-verlag.de\/wordpress\/wp-content\/uploads\/2012\/05\/spaceman-150.jpg\"><img loading=\"lazy\" decoding=\"async\" class=\"size-full wp-image-1977 alignleft\" style=\"margin-left: 10px; margin-right: 10px;\" title=\"spaceman-150\" src=\"https:\/\/www.poetenladen-der-verlag.de\/wordpress\/wp-content\/uploads\/2012\/05\/spaceman-150.jpg\" alt=\"\" width=\"150\" height=\"199\" \/><\/a>Kein Anti-Kitsch-Blatt vor den Mund nehmen <\/strong><\/p>\n<p>SPACEMAN SPIFF IM GESPRACH<\/p>\n<p>KATHARINA BENDIXEN: Wenn du ein Lied schreibst, hast du dann zuerst den Text oder die Melodie im Kopf?<\/p>\n<p>HANNES WITTMER: Ganz unterschiedlich. Manchmal ist der Text zuerst da, ein Satzfetzen, den ich mir irgendwo notiert habe, manchmal habe ich auch ein Gitarrenriff im Kopf, und dann gibt es einen Moment, wo beides zusammenfliest. Ich habe schon oft versucht, mich hinzusetzen und ein Lied zu schreiben, aber das kann ich gar nicht. Meistens passiert das in einer halben Stunde. Monatelang habe ich nichts Neues geschrieben, und dann gibt es eben diesen Moment. Ich glaube, ich selbst bin daran nicht so richtig beteiligt. Das Lied benutzt mich, um geschrieben zu werden.<br \/>\n <a href=\"http:\/\/www.poetenladen-der-verlag.de\/shop\/details.php?id=49\" target=\"_blank\">(Weiteres im Literaturmagazin poet nr. 12\u00a0\u00a0)<\/a><\/div>\n<p>Illustration: Miriam Zedelius<\/p>\n","protected":false},"excerpt":{"rendered":"<p>Das Liedermacher-Autoren-Duo Finn-Ole Heinrich und Spaceman Spiff werden f\u00fcr ihr B\u00fchnenprogramm \u201eDu drehst den Kopf, ich dreh den Kopf\u201c ausgezeichnet. &#8211; News 414 &#8211; Der Preis, der f\u00fcr die \u201e\u00fcberzeugende Zusammenf\u00fchrung von Musik, Literatur und Per\u00adformance zu einer eigenen Kunst\u00adform \u201c verliehen wird, ist mit 5000 Euro dotiert und wird von der Autorenstiftung Frankfurt gestiftet. [&hellip;]<\/p>\n","protected":false},"author":1,"featured_media":0,"comment_status":"closed","ping_status":"closed","sticky":false,"template":"","format":"standard","meta":{"footnotes":""},"categories":[64],"tags":[218,219,215,222,216,221,217,220,223],"class_list":["post-1973","post","type-post","status-publish","format-standard","hentry","category-poetische-news","tag-autorenstiftung","tag-du-drehst-den-kopf","tag-finn-ole","tag-hannes-wittmer","tag-heinrich","tag-poet-12","tag-preis","tag-preis-der-autoren","tag-spaceman-spiff"],"_links":{"self":[{"href":"https:\/\/www.poetenladen-der-verlag.de\/wordpress\/wp-json\/wp\/v2\/posts\/1973","targetHints":{"allow":["GET"]}}],"collection":[{"href":"https:\/\/www.poetenladen-der-verlag.de\/wordpress\/wp-json\/wp\/v2\/posts"}],"about":[{"href":"https:\/\/www.poetenladen-der-verlag.de\/wordpress\/wp-json\/wp\/v2\/types\/post"}],"author":[{"embeddable":true,"href":"https:\/\/www.poetenladen-der-verlag.de\/wordpress\/wp-json\/wp\/v2\/users\/1"}],"replies":[{"embeddable":true,"href":"https:\/\/www.poetenladen-der-verlag.de\/wordpress\/wp-json\/wp\/v2\/comments?post=1973"}],"version-history":[{"count":0,"href":"https:\/\/www.poetenladen-der-verlag.de\/wordpress\/wp-json\/wp\/v2\/posts\/1973\/revisions"}],"wp:attachment":[{"href":"https:\/\/www.poetenladen-der-verlag.de\/wordpress\/wp-json\/wp\/v2\/media?parent=1973"}],"wp:term":[{"taxonomy":"category","embeddable":true,"href":"https:\/\/www.poetenladen-der-verlag.de\/wordpress\/wp-json\/wp\/v2\/categories?post=1973"},{"taxonomy":"post_tag","embeddable":true,"href":"https:\/\/www.poetenladen-der-verlag.de\/wordpress\/wp-json\/wp\/v2\/tags?post=1973"}],"curies":[{"name":"wp","href":"https:\/\/api.w.org\/{rel}","templated":true}]}}