{"id":183,"date":"2010-11-10T20:57:51","date_gmt":"2010-11-10T20:57:51","guid":{"rendered":"http:\/\/www.poetenladen-der-verlag.de\/wordpress\/?p=183"},"modified":"2010-12-23T22:19:45","modified_gmt":"2010-12-23T22:19:45","slug":"eklke-erb-poetologie","status":"publish","type":"post","link":"https:\/\/www.poetenladen-der-verlag.de\/wordpress\/eklke-erb-poetologie\/","title":{"rendered":"Elke Erb \u2013 Poetologie"},"content":{"rendered":"<p> Rainer Maria Rilke  <\/p>\n<p><b>Abend<\/b><\/p>\n<p>Der Abend naht. &ndash; Die klare Zone<br \/>\nder Stirne schm\u00fcckt ein goldner Reifen,<br \/>\nund tausend Schattenh\u00e4nde greifen<br \/>\nverstohlen nach der roten Krone<\/p>\n<p>Die ersten blassen Sterne liebeln<br \/>\nihm zu: er steht hoch am Hradschine<br \/>\nund schaut mit ernster Tr\u00e4umermiene<br \/>\ndie T\u00fcrme und die grauen Giebeln.<\/p>\n<p>\nMan mu\u00df \/ kann ja nicht alles auf einmal erfassen \/ begreifen: Warum, woher, wieso, wohin? Der Verfasser ist  20 Jahre alt oder j\u00fcnger, in Prag geboren, die Jahreszahl der Sammlung (&bdquo;Das Larenopfer&ldquo;) ist 1896, im Buch steht sie als erste Sammlung (von dreien) unter <i>Erste Gedichte<\/i>, 120 Seiten weiter sind die folgenden \u00fcberschrieben mit <i>Fr\u00fche Gedichte<\/i>.<br \/>\n&#8230;<br \/>\n<a href=\"http:\/\/www.poetenladen.de\/elke-erb-text.htm\" style=\"color:#0066ff\"><br \/>\nZum vollst\u00e4ndigen Original-Beitrag auf poetenladen.de<\/a><br \/>\n<strong>Kommentierungen an dieser Stelle  m\u00f6glich.<\/strong><\/p>\n","protected":false},"excerpt":{"rendered":"<p>Rainer Maria Rilke Abend Der Abend naht. &ndash; Die klare Zone der Stirne schm\u00fcckt ein goldner Reifen, und tausend Schattenh\u00e4nde greifen verstohlen nach der roten Krone Die ersten blassen Sterne liebeln ihm zu: er steht hoch am Hradschine und schaut mit ernster Tr\u00e4umermiene die T\u00fcrme und die grauen Giebeln. Man mu\u00df \/ kann ja nicht [&hellip;]<\/p>\n","protected":false},"author":1,"featured_media":0,"comment_status":"closed","ping_status":"closed","sticky":false,"template":"","format":"standard","meta":{"footnotes":""},"categories":[9],"tags":[],"class_list":["post-183","post","type-post","status-publish","format-standard","hentry","category-diskussion"],"_links":{"self":[{"href":"https:\/\/www.poetenladen-der-verlag.de\/wordpress\/wp-json\/wp\/v2\/posts\/183","targetHints":{"allow":["GET"]}}],"collection":[{"href":"https:\/\/www.poetenladen-der-verlag.de\/wordpress\/wp-json\/wp\/v2\/posts"}],"about":[{"href":"https:\/\/www.poetenladen-der-verlag.de\/wordpress\/wp-json\/wp\/v2\/types\/post"}],"author":[{"embeddable":true,"href":"https:\/\/www.poetenladen-der-verlag.de\/wordpress\/wp-json\/wp\/v2\/users\/1"}],"replies":[{"embeddable":true,"href":"https:\/\/www.poetenladen-der-verlag.de\/wordpress\/wp-json\/wp\/v2\/comments?post=183"}],"version-history":[{"count":0,"href":"https:\/\/www.poetenladen-der-verlag.de\/wordpress\/wp-json\/wp\/v2\/posts\/183\/revisions"}],"wp:attachment":[{"href":"https:\/\/www.poetenladen-der-verlag.de\/wordpress\/wp-json\/wp\/v2\/media?parent=183"}],"wp:term":[{"taxonomy":"category","embeddable":true,"href":"https:\/\/www.poetenladen-der-verlag.de\/wordpress\/wp-json\/wp\/v2\/categories?post=183"},{"taxonomy":"post_tag","embeddable":true,"href":"https:\/\/www.poetenladen-der-verlag.de\/wordpress\/wp-json\/wp\/v2\/tags?post=183"}],"curies":[{"name":"wp","href":"https:\/\/api.w.org\/{rel}","templated":true}]}}