{"id":1766,"date":"2012-03-24T10:42:39","date_gmt":"2012-03-24T09:42:39","guid":{"rendered":"http:\/\/www.poetenladen-der-verlag.de\/wordpress\/?p=1766"},"modified":"2012-04-22T09:27:42","modified_gmt":"2012-04-22T07:27:42","slug":"jean-krier-und-anise-koltz-in-der-literaturwerkstatt","status":"publish","type":"post","link":"https:\/\/www.poetenladen-der-verlag.de\/wordpress\/jean-krier-und-anise-koltz-in-der-literaturwerkstatt\/","title":{"rendered":"Jean Krier und Anise Koltz in der Literaturwerkstatt"},"content":{"rendered":"<p>In Lesung und Gespr\u00e4ch<br \/>\n&#8222;Gro\u00dfe Dichter er\u00f6ffnen das Festival in Berlin&#8220;<br \/>\n<strong>Anise Koltz, Grande Dame der Poesie<br \/>\nJean Krier, Chamisso-Preistr\u00e4ger des Jahres 2011<br \/>\nModeration: Ulrike Draesner<\/strong><br \/>\n<strong>26. April 20.00 Uhr in der Literaturwerkstatt Berlin<\/strong><br \/>\nKnaackstra\u00dfe 97 &#8211; 10435 Berlin<\/p>\n<p><strong><a href=\"http:\/\/www.poetenladen-der-verlag.de\/einzeltitel\/herzenslustspiele.htm\">Jean Krier: Herzens Lust Spiele<\/a><\/strong><\/p>\n<p><a href=\"http:\/\/www.poetenladen-der-verlag.de\/bilder\/jeankrier\/jean-krier-3.jpg\"><img loading=\"lazy\" decoding=\"async\" alt=\"\" src=\"https:\/\/www.poetenladen-der-verlag.de\/bilder\/jeankrier\/jean-krier-3.jpg\" class=\"alignnone\" width=\"300\" height=\"326\" \/><\/a><\/p>\n<p><br clear=\"all\"><br \/>\n<a href=\"http:\/\/www.poetenladen-der-verlag.de\/wordpress\/wp-content\/uploads\/2012\/03\/Pressefoto_Jean_Krier.jpg\"><img loading=\"lazy\" decoding=\"async\" class=\"size-thumbnail wp-image-1753 alignleft\" style=\"margin-left: 0px; margin-right: 10px;\" title=\"Jean Krier\" src=\"https:\/\/www.poetenladen-der-verlag.de\/wordpress\/wp-content\/uploads\/2012\/03\/Pressefoto_Jean_Krier-e1331198334868-150x150.jpg\" alt=\"\" width=\"150\" height=\"150\" \/><\/a><a href=\"http:\/\/www.poetenladen-der-verlag.de\/einzeltitel\/herzenslustspiele.htm\">Jean Kriers<\/a> (*1949 Luxemburg) Wortteppiche speisen sich aus Erfahrungsmomenten und Lekt\u00fcreerlebnissen. Es sind \u201edaseinsbittere Gedichte\u201c, der Schrecken lugt hinter den W\u00f6rtern hervor. \u201eIn seinen Gedichten \u00fcberlagern sich in einer h\u00f6chst eigenwilligen Symbiose deutsche und franz\u00f6sische Sentenzen: Franz\u00f6sische Fundst\u00fccke aus Gedichten, Graffiti oder Alltagsspr\u00fcchen verbinden sich mit hohen T\u00f6nen aus H\u00f6lderlin-Gedichten oder bizarren Wortfindlingen vom Boulevard. Raue und weiche T\u00f6ne, pathetische Zeilen und ironische, schnoddrige Verse prallen in seinen Texten aufeinander \u2013 und verbinden sich zu einer suggestiven Wortmusik.\u201c (Michael Braun). Jean Kriers Texte sind in zahlreichen Zeitschriften erschienen. Er ver\u00f6ffentlichte vier Gedichtb\u00e4nde, zuletzt \u201eHerzens Lust Spiel\u201c (poetenladen 2010).<\/p>\n<p><a href=\"http:\/\/www.literaturwerkstatt.org\/index.php?id=4&#038;tx_jwcalendar_pi1[eventid]=776&#038;tx_jwcalendar_pi1[uid]=48&#038;tx_jwcalendar_pi1[action]=singleView&#038;cHash=32680e412f7c844e463e4abe1e1ff1af\">Veranstaltungshinweis der Literaturwerkstatt<\/a><br \/>\n<br clear=\"all\"><\/p>\n","protected":false},"excerpt":{"rendered":"<p>In Lesung und Gespr\u00e4ch &#8222;Gro\u00dfe Dichter er\u00f6ffnen das Festival in Berlin&#8220; Anise Koltz, Grande Dame der Poesie Jean Krier, Chamisso-Preistr\u00e4ger des Jahres 2011 Moderation: Ulrike Draesner 26. April 20.00 Uhr in der Literaturwerkstatt Berlin Knaackstra\u00dfe 97 &#8211; 10435 Berlin Jean Krier: Herzens Lust Spiele Jean Kriers (*1949 Luxemburg) Wortteppiche speisen sich aus Erfahrungsmomenten und Lekt\u00fcreerlebnissen. [&hellip;]<\/p>\n","protected":false},"author":1,"featured_media":0,"comment_status":"closed","ping_status":"closed","sticky":false,"template":"","format":"standard","meta":{"footnotes":""},"categories":[6],"tags":[169,109,81,13,167,168,59,166],"class_list":["post-1766","post","type-post","status-publish","format-standard","hentry","category-lesungen","tag-anise-koltz","tag-heidtmann","tag-herzens-lust-spiele","tag-jean-krier","tag-literaturwerkstatt","tag-luxemburg","tag-poetenladen","tag-ulrike-draesner"],"_links":{"self":[{"href":"https:\/\/www.poetenladen-der-verlag.de\/wordpress\/wp-json\/wp\/v2\/posts\/1766","targetHints":{"allow":["GET"]}}],"collection":[{"href":"https:\/\/www.poetenladen-der-verlag.de\/wordpress\/wp-json\/wp\/v2\/posts"}],"about":[{"href":"https:\/\/www.poetenladen-der-verlag.de\/wordpress\/wp-json\/wp\/v2\/types\/post"}],"author":[{"embeddable":true,"href":"https:\/\/www.poetenladen-der-verlag.de\/wordpress\/wp-json\/wp\/v2\/users\/1"}],"replies":[{"embeddable":true,"href":"https:\/\/www.poetenladen-der-verlag.de\/wordpress\/wp-json\/wp\/v2\/comments?post=1766"}],"version-history":[{"count":0,"href":"https:\/\/www.poetenladen-der-verlag.de\/wordpress\/wp-json\/wp\/v2\/posts\/1766\/revisions"}],"wp:attachment":[{"href":"https:\/\/www.poetenladen-der-verlag.de\/wordpress\/wp-json\/wp\/v2\/media?parent=1766"}],"wp:term":[{"taxonomy":"category","embeddable":true,"href":"https:\/\/www.poetenladen-der-verlag.de\/wordpress\/wp-json\/wp\/v2\/categories?post=1766"},{"taxonomy":"post_tag","embeddable":true,"href":"https:\/\/www.poetenladen-der-verlag.de\/wordpress\/wp-json\/wp\/v2\/tags?post=1766"}],"curies":[{"name":"wp","href":"https:\/\/api.w.org\/{rel}","templated":true}]}}