{"id":1751,"date":"2012-03-25T10:25:53","date_gmt":"2012-03-25T08:25:53","guid":{"rendered":"http:\/\/www.poetenladen-der-verlag.de\/wordpress\/?p=1751"},"modified":"2012-03-30T01:37:07","modified_gmt":"2012-03-29T23:37:07","slug":"luxemburg-in-weimar-mit-jean-krier","status":"publish","type":"post","link":"https:\/\/www.poetenladen-der-verlag.de\/wordpress\/luxemburg-in-weimar-mit-jean-krier\/","title":{"rendered":"Luxemburg in Weimar &#8211; mit Jean Krier"},"content":{"rendered":"<p><strong>25. April um\u00a0 16.30 Uhr in der Herzogin Anna Amalia Bibliothek Weimar<\/strong><\/p>\n<p>Anise Koltz, Guy Helminger und Jean Krier zu Gast in der Anna Amalia Bibliothek<br \/>\nModeration: Germaine G\u00f6tzinger, Centre national de litt\u00e9rature Mersch-Luxemburg<\/p>\n<p><a href=\"http:\/\/www.poetenladen-der-verlag.de\/wordpress\/wp-content\/uploads\/2012\/03\/Pressefoto_Jean_Krier.jpg\"><img loading=\"lazy\" decoding=\"async\" class=\"size-thumbnail wp-image-1753 alignleft\" style=\"margin-left: 0px; margin-right: 10px;\" title=\"Jean Krier\" src=\"https:\/\/www.poetenladen-der-verlag.de\/wordpress\/wp-content\/uploads\/2012\/03\/Pressefoto_Jean_Krier-e1331198334868-150x150.jpg\" alt=\"\" width=\"150\" height=\"150\" \/><\/a><a href=\"http:\/\/www.poetenladen-der-verlag.de\/einzeltitel\/herzenslustspiele.htm\">Jean Kriers<\/a> (*1949 Luxemburg) Wortteppiche speisen sich aus Erfahrungsmomenten und Lekt\u00fcreerlebnissen. Es sind \u201edaseinsbittere Gedichte\u201c, der Schrecken lugt hinter den W\u00f6rtern hervor. \u201eIn seinen Gedichten \u00fcberlagern sich in einer h\u00f6chst eigenwilligen Symbiose deutsche und franz\u00f6sische Sentenzen: Franz\u00f6sische Fundst\u00fccke aus Gedichten, Graffiti oder Alltagsspr\u00fcchen verbinden sich mit hohen T\u00f6nen aus H\u00f6lderlin-Gedichten oder bizarren Wortfindlingen vom Boulevard. Raue und weiche T\u00f6ne, pathetische Zeilen und ironische, schnoddrige Verse prallen in seinen Texten aufeinander \u2013 und verbinden sich zu einer suggestiven Wortmusik.\u201c (Michael Braun). Jean Kriers Texte sind in zahlreichen Zeitschriften erschienen. Er ver\u00f6ffentlichte vier Gedichtb\u00e4nde, zuletzt \u201eHerzens Lust Spiel\u201c (poetenladen 2010).<br \/>\n<br clear=\"all\"><br \/>\n<a href=\"http:\/\/www.poetenladen-der-verlag.de\/wordpress\/wp-content\/uploads\/2012\/03\/amalia.jpg\"><img loading=\"lazy\" decoding=\"async\" class=\"alignnone size-thumbnail wp-image-1752\" title=\"amalia#\" src=\"https:\/\/www.poetenladen-der-verlag.de\/wordpress\/wp-content\/uploads\/2012\/03\/amalia-150x150.jpg\" alt=\"\" width=\"150\" height=\"150\" \/><\/a><\/p>\n","protected":false},"excerpt":{"rendered":"<p>25. April um\u00a0 16.30 Uhr in der Herzogin Anna Amalia Bibliothek Weimar Anise Koltz, Guy Helminger und Jean Krier zu Gast in der Anna Amalia Bibliothek Moderation: Germaine G\u00f6tzinger, Centre national de litt\u00e9rature Mersch-Luxemburg Jean Kriers (*1949 Luxemburg) Wortteppiche speisen sich aus Erfahrungsmomenten und Lekt\u00fcreerlebnissen. Es sind \u201edaseinsbittere Gedichte\u201c, der Schrecken lugt hinter den W\u00f6rtern [&hellip;]<\/p>\n","protected":false},"author":1,"featured_media":0,"comment_status":"closed","ping_status":"open","sticky":false,"template":"","format":"standard","meta":{"footnotes":""},"categories":[6],"tags":[161,165,164,81,13,163,59,162],"class_list":["post-1751","post","type-post","status-publish","format-standard","hentry","category-lesungen","tag-amalia-bibliothek","tag-gotzinger","tag-guy-helminger","tag-herzens-lust-spiele","tag-jean-krier","tag-klassik-stiftung","tag-poetenladen","tag-weimar"],"_links":{"self":[{"href":"https:\/\/www.poetenladen-der-verlag.de\/wordpress\/wp-json\/wp\/v2\/posts\/1751","targetHints":{"allow":["GET"]}}],"collection":[{"href":"https:\/\/www.poetenladen-der-verlag.de\/wordpress\/wp-json\/wp\/v2\/posts"}],"about":[{"href":"https:\/\/www.poetenladen-der-verlag.de\/wordpress\/wp-json\/wp\/v2\/types\/post"}],"author":[{"embeddable":true,"href":"https:\/\/www.poetenladen-der-verlag.de\/wordpress\/wp-json\/wp\/v2\/users\/1"}],"replies":[{"embeddable":true,"href":"https:\/\/www.poetenladen-der-verlag.de\/wordpress\/wp-json\/wp\/v2\/comments?post=1751"}],"version-history":[{"count":0,"href":"https:\/\/www.poetenladen-der-verlag.de\/wordpress\/wp-json\/wp\/v2\/posts\/1751\/revisions"}],"wp:attachment":[{"href":"https:\/\/www.poetenladen-der-verlag.de\/wordpress\/wp-json\/wp\/v2\/media?parent=1751"}],"wp:term":[{"taxonomy":"category","embeddable":true,"href":"https:\/\/www.poetenladen-der-verlag.de\/wordpress\/wp-json\/wp\/v2\/categories?post=1751"},{"taxonomy":"post_tag","embeddable":true,"href":"https:\/\/www.poetenladen-der-verlag.de\/wordpress\/wp-json\/wp\/v2\/tags?post=1751"}],"curies":[{"name":"wp","href":"https:\/\/api.w.org\/{rel}","templated":true}]}}