{"id":1131,"date":"2011-06-10T12:03:21","date_gmt":"2011-06-10T10:03:21","guid":{"rendered":"http:\/\/www.poetenladen-der-verlag.de\/wordpress\/?p=1131"},"modified":"2011-06-10T12:11:15","modified_gmt":"2011-06-10T10:11:15","slug":"preisverleihung-an-jean-krier","status":"publish","type":"post","link":"https:\/\/www.poetenladen-der-verlag.de\/wordpress\/preisverleihung-an-jean-krier\/","title":{"rendered":"Servais-Preisverleihung an Jean Krier"},"content":{"rendered":"<p>Die Verleihung des  Prix Servais 2011 f\u00fcr Jean Krier und seinen  Gedichtband \u201eHerzens Lust Spiele\u201c findet in Mersch (Luxemburg) statt, und zwar am<br \/>\n17. Juni 2011 im Centre national de Litt\u00e9rature \u00e0 Mersch um 19.30 Uhr.<\/p>\n<p>Die Laudatio wird Michael Braun halten.<\/p>\n<p><a href=\"http:\/\/www.poetenladen-der-verlag.de\/wordpress\/wp-content\/uploads\/2011\/06\/jean-krier-servais1.jpg\"><img loading=\"lazy\" decoding=\"async\" src=\"https:\/\/www.poetenladen-der-verlag.de\/wordpress\/wp-content\/uploads\/2011\/06\/jean-krier-servais1.jpg\" alt=\"\" title=\"jean-krier-servais\" width=\"452\" height=\"312\" class=\"alignleft size-full wp-image-1139\" srcset=\"https:\/\/www.poetenladen-der-verlag.de\/wordpress\/wp-content\/uploads\/2011\/06\/jean-krier-servais1.jpg 452w, https:\/\/www.poetenladen-der-verlag.de\/wordpress\/wp-content\/uploads\/2011\/06\/jean-krier-servais1-300x207.jpg 300w\" sizes=\"auto, (max-width: 452px) 100vw, 452px\" \/><\/a><\/p>\n<p>N\u00e4heres zum Preis unter: <a href=\"http:\/\/www.poetenladen.de\/news\/402.html\">News<\/a><br \/>\nsowie zur Verleihung unter: <a href=\"http:\/\/www.plurio.net\/param\/91\/outputlang,de\/ent,229142\/agenda.html\">plurio.net<\/a><\/p>\n","protected":false},"excerpt":{"rendered":"<p>Die Verleihung des Prix Servais 2011 f\u00fcr Jean Krier und seinen Gedichtband \u201eHerzens Lust Spiele\u201c findet in Mersch (Luxemburg) statt, und zwar am 17. Juni 2011 im Centre national de Litt\u00e9rature \u00e0 Mersch um 19.30 Uhr. Die Laudatio wird Michael Braun halten. N\u00e4heres zum Preis unter: News sowie zur Verleihung unter: plurio.net<\/p>\n","protected":false},"author":1,"featured_media":0,"comment_status":"closed","ping_status":"closed","sticky":false,"template":"","format":"standard","meta":{"footnotes":""},"categories":[6],"tags":[81,13,80,59,79],"class_list":["post-1131","post","type-post","status-publish","format-standard","hentry","category-lesungen","tag-herzens-lust-spiele","tag-jean-krier","tag-michael-braun","tag-poetenladen","tag-prix-servais"],"_links":{"self":[{"href":"https:\/\/www.poetenladen-der-verlag.de\/wordpress\/wp-json\/wp\/v2\/posts\/1131","targetHints":{"allow":["GET"]}}],"collection":[{"href":"https:\/\/www.poetenladen-der-verlag.de\/wordpress\/wp-json\/wp\/v2\/posts"}],"about":[{"href":"https:\/\/www.poetenladen-der-verlag.de\/wordpress\/wp-json\/wp\/v2\/types\/post"}],"author":[{"embeddable":true,"href":"https:\/\/www.poetenladen-der-verlag.de\/wordpress\/wp-json\/wp\/v2\/users\/1"}],"replies":[{"embeddable":true,"href":"https:\/\/www.poetenladen-der-verlag.de\/wordpress\/wp-json\/wp\/v2\/comments?post=1131"}],"version-history":[{"count":0,"href":"https:\/\/www.poetenladen-der-verlag.de\/wordpress\/wp-json\/wp\/v2\/posts\/1131\/revisions"}],"wp:attachment":[{"href":"https:\/\/www.poetenladen-der-verlag.de\/wordpress\/wp-json\/wp\/v2\/media?parent=1131"}],"wp:term":[{"taxonomy":"category","embeddable":true,"href":"https:\/\/www.poetenladen-der-verlag.de\/wordpress\/wp-json\/wp\/v2\/categories?post=1131"},{"taxonomy":"post_tag","embeddable":true,"href":"https:\/\/www.poetenladen-der-verlag.de\/wordpress\/wp-json\/wp\/v2\/tags?post=1131"}],"curies":[{"name":"wp","href":"https:\/\/api.w.org\/{rel}","templated":true}]}}